{"id":282,"date":"2015-12-04T21:10:00","date_gmt":"2015-12-04T21:10:00","guid":{"rendered":"https:\/\/www.faltabancuatrogotas.com\/nwf4g\/2015\/12\/04\/cataluna-2015\/"},"modified":"2015-12-04T21:10:00","modified_gmt":"2015-12-04T21:10:00","slug":"cataluna-2015","status":"publish","type":"post","link":"https:\/\/www.faltabancuatrogotas.com\/nwf4g\/2015\/12\/04\/cataluna-2015\/","title":{"rendered":"Catalu\u00f1a 2015"},"content":{"rendered":"<p style=\"text-align: center; vertical-align: middle;\" align=\"center\">\u00a0<\/p>\n<p style=\"text-align: justify;\" align=\"center\"><span style=\"color: #666666; font-size: large;\"> Como cada vez que visitamos una de esas pruebas poco habitual, os hacemos nuestra particular cr\u00f3nica. Gracias a un muy especial regalo de cumplea\u00f1os, dos viejos amigos nos juntamos en un viejo y conocido escenario: El\u00a0LI Rallye Catalunya-Costa Dorada. En este reportaje os contamos nuestra visi\u00f3n del mismo, como siempre esperamos que os guste.<\/span><\/p>\n<p align=\"center\">\u00a0<\/p>\n<table id=\"AutoNumber1\" class=\"MsoNormalTable\" style=\"width: 100%; border-collapse: collapse;\" border=\"1\" width=\"100%\" cellspacing=\"0\" cellpadding=\"0\">\n<tbody>\n<tr>\n<td align=\"center\" bgcolor=\"#666666\" width=\"9%\"><span style=\"color: #f3f3ef;\">FOTO<\/span><\/td>\n<td style=\"text-align: center; background-color: #f3f3ef;\" rowspan=\"2\" width=\"40%\"><a href=\"https:\/\/www.faltabancuatrogotas.com\/nwf4g\/wp-content\/uploads\/2015\/12\/phoca_thumb_l_img_5080-ea8.jpg\"> <img loading=\"lazy\" decoding=\"async\" class=\" size-full wp-image-104\" src=\"https:\/\/www.faltabancuatrogotas.com\/nwf4g\/wp-content\/uploads\/2015\/12\/phoca_thumb_s_img_5080-daa.jpg\" alt=\"\" width=\"100\" height=\"66\" border=\"0\" \/><\/a><\/td>\n<td rowspan=\"2\" align=\"center\" width=\"1%\">\u00a0<\/td>\n<td align=\"center\" bgcolor=\"#666666\" width=\"8%\"><span style=\"color: #ffffff;\">FOTO<\/span><\/td>\n<td style=\"text-align: center; background-color: #f3f3ef;\" rowspan=\"2\" width=\"40%\"><a href=\"https:\/\/www.faltabancuatrogotas.com\/nwf4g\/wp-content\/uploads\/2015\/12\/phoca_thumb_l_img_5089-e79.jpg\"> <img loading=\"lazy\" decoding=\"async\" class=\" size-full wp-image-107\" src=\"https:\/\/www.faltabancuatrogotas.com\/nwf4g\/wp-content\/uploads\/2015\/12\/phoca_thumb_s_img_5089-d7b.jpg\" alt=\"\" width=\"100\" height=\"66\" border=\"0\" \/><\/a><\/td>\n<\/tr>\n<tr>\n<td align=\"center\" bgcolor=\"#666666\" width=\"9%\"><span style=\"color: #f3f3ef;\">Daviz<\/span><\/td>\n<td align=\"center\" bgcolor=\"#666666\" width=\"8%\"><span style=\"color: #f3f3ef;\">Daviz<\/span><\/td>\n<\/tr>\n<tr>\n<td style=\"text-align: center; vertical-align: middle;\" colspan=\"2\" align=\"center\" bgcolor=\"#003399\" width=\"32%\"><span style=\"color: #ffffff; font-family: Calibri;\">Amanecer sabatino:\u00a0Dados nuestros compromisos laborales y\u00a0nuestros particulares viajes hasta encontrarnos, el primer tramo que visitamos nos hizo madrugar el s\u00e1bado. Con el amanecer a nuestra espalda y una vez aparcados cerca del tramo, nos dirigimos a una de las zonas del tramo de La Figuera.<\/span><\/td>\n<td align=\"center\" width=\"1%\">\u00a0<\/td>\n<td style=\"text-align: center; vertical-align: middle;\" colspan=\"2\" align=\"center\" bgcolor=\"#003399\" width=\"33%\"><span style=\"color: #ffffff; font-family: Calibri;\">OUVRIERS: Una de las diferencias, de las muchas, que hay entre los rallyes del WRC y los que estamos acostumbrados a ver, son los ouvriers. Este en concreto, nos llam\u00f3 la atenci\u00f3n por su profesionalidad. No s\u00f3lo pasaba, paraba, daba marcha atr\u00e1s, volv\u00eda a pasar, mord\u00eda m\u00e1s&#8230; y si no le convenc\u00eda repet\u00eda la operaci\u00f3n<\/span><\/td>\n<\/tr>\n<\/tbody>\n<\/table>\n<p align=\"center\">\u00a0<\/p>\n<table id=\"AutoNumber1\" class=\"MsoNormalTable\" style=\"width: 100%; border-collapse: collapse;\" border=\"1\" width=\"100%\" cellspacing=\"0\" cellpadding=\"0\">\n<tbody>\n<tr>\n<td align=\"center\" bgcolor=\"#666666\" width=\"9%\"><span style=\"color: #f3f3ef;\">FOTO<\/span><\/td>\n<td style=\"text-align: center; background-color: #f3f3ef;\" rowspan=\"2\" width=\"40%\"><a href=\"https:\/\/www.faltabancuatrogotas.com\/nwf4g\/wp-content\/uploads\/2015\/12\/phoca_thumb_l_catalua15hugo-008-d6d.jpg\"><img loading=\"lazy\" decoding=\"async\" class=\" size-full wp-image-109\" src=\"https:\/\/www.faltabancuatrogotas.com\/nwf4g\/wp-content\/uploads\/2015\/12\/phoca_thumb_s_catalua15hugo-008-a1a.jpg\" alt=\"\" width=\"100\" height=\"66\" border=\"0\" \/><\/a><\/td>\n<td rowspan=\"2\" align=\"center\" width=\"1%\">\u00a0<\/td>\n<td align=\"center\" bgcolor=\"#666666\" width=\"8%\"><span style=\"color: #ffffff;\">FOTO<\/span><\/td>\n<td style=\"text-align: center; background-color: #f3f3ef;\" rowspan=\"2\" width=\"40%\"><a href=\"https:\/\/www.faltabancuatrogotas.com\/nwf4g\/wp-content\/uploads\/2015\/12\/phoca_thumb_l_catalua15hugo-010-2df.jpg\"><img loading=\"lazy\" decoding=\"async\" class=\" size-full wp-image-111\" src=\"https:\/\/www.faltabancuatrogotas.com\/nwf4g\/wp-content\/uploads\/2015\/12\/phoca_thumb_s_catalua15hugo-010-5a8.jpg\" alt=\"\" width=\"100\" height=\"66\" border=\"0\" \/><\/a><\/td>\n<\/tr>\n<tr>\n<td align=\"center\" bgcolor=\"#666666\" width=\"9%\"><span style=\"color: #f3f3ef;\">Hugo<\/span><\/td>\n<td align=\"center\" bgcolor=\"#666666\" width=\"8%\"><span style=\"color: #f3f3ef;\">Hugo<\/span><\/td>\n<\/tr>\n<tr>\n<td style=\"text-align: center; vertical-align: middle;\" colspan=\"2\" align=\"center\" bgcolor=\"#003399\" width=\"32%\"><span style=\"color: #ffffff; font-family: Calibri; line-height: 15.808px;\">Despu\u00e9s del viaje, acostarse tarde y levantarse pronto. Tras colocar el FIAT 500 de alquiler y patear un par de km, con permiso del cero, lo primero que vimos fue \u00e9sto: una barqueta VW con un Ogier muy fino dentro.\u00a0<\/span><\/td>\n<td style=\"text-align: center; vertical-align: middle;\" align=\"center\" width=\"1%\">\u00a0<\/td>\n<td style=\"text-align: center; vertical-align: middle;\" colspan=\"2\" align=\"center\" bgcolor=\"#003399\" width=\"33%\">\n<p><span style=\"color: #ffffff; font-family: Calibri;\">Escoger una zona r\u00e1pida y de amplia visibilidad nos permit\u00eda verlos durante un buen rato. Si impresionaba en nuestra zona m\u00e1s cercana, verlos alejarse en una zona m\u00e1s r\u00e1pida todav\u00eda pon\u00eda los pelos de punta.\u00a0<\/span><\/p>\n<\/td>\n<\/tr>\n<\/tbody>\n<\/table>\n<p align=\"center\">\u00a0<\/p>\n<table id=\"AutoNumber1\" class=\"MsoNormalTable\" style=\"width: 100%; border-collapse: collapse;\" border=\"1\" width=\"100%\" cellspacing=\"0\" cellpadding=\"0\">\n<tbody>\n<tr>\n<td align=\"center\" bgcolor=\"#666666\" width=\"9%\"><span style=\"color: #f3f3ef;\">FOTO<\/span><\/td>\n<td style=\"text-align: center; background-color: #f3f3ef;\" rowspan=\"2\" width=\"40%\"><a href=\"https:\/\/www.faltabancuatrogotas.com\/nwf4g\/wp-content\/uploads\/2015\/12\/phoca_thumb_l_catalua15hugo-017-9fd.jpg\"><img loading=\"lazy\" decoding=\"async\" class=\" size-full wp-image-113\" src=\"https:\/\/www.faltabancuatrogotas.com\/nwf4g\/wp-content\/uploads\/2015\/12\/phoca_thumb_s_catalua15hugo-017-e8a.jpg\" alt=\"\" width=\"100\" height=\"66\" border=\"0\" \/><\/a><\/td>\n<td rowspan=\"2\" align=\"center\" width=\"1%\">\u00a0<\/td>\n<td align=\"center\" bgcolor=\"#666666\" width=\"8%\"><span style=\"color: #f3f3ef; line-height: 15.808px;\">FOTO<\/span>\u00a0<\/td>\n<td style=\"text-align: center; background-color: #f3f3ef;\" rowspan=\"2\" width=\"40%\"><a style=\"line-height: 15.808px;\" href=\"https:\/\/www.faltabancuatrogotas.com\/nwf4g\/wp-content\/uploads\/2015\/12\/phoca_thumb_l_img_5133-619.jpg\"><img loading=\"lazy\" decoding=\"async\" class=\" size-full wp-image-115\" src=\"https:\/\/www.faltabancuatrogotas.com\/nwf4g\/wp-content\/uploads\/2015\/12\/phoca_thumb_s_img_5133-51b.jpg\" alt=\"\" width=\"100\" height=\"66\" border=\"0\" \/><\/a><\/td>\n<\/tr>\n<tr>\n<td align=\"center\" bgcolor=\"#666666\" width=\"9%\"><span style=\"color: #f3f3ef;\">Hugo<\/span><\/td>\n<td align=\"center\" bgcolor=\"#666666\" width=\"8%\"><span style=\"color: #f3f3ef;\">Daviz<\/span><\/td>\n<\/tr>\n<tr>\n<td style=\"text-align: center; vertical-align: middle;\" colspan=\"2\" align=\"center\" bgcolor=\"#003399\" width=\"32%\"><span style=\"color: #ffffff; font-family: Calibri; line-height: 15.808px;\">Despues de los Polo, al menos en asfalto los que ten\u00edan m\u00e1s pinta de aparatos eran los DS3, r\u00e1pidos, pero jugando en liga distinta a los primeros. En la foto Otsberg.<\/span><\/td>\n<td align=\"center\" width=\"1%\">\u00a0<\/td>\n<td colspan=\"2\" align=\"center\" bgcolor=\"#003399\" width=\"33%\">\n<p style=\"text-align: center; vertical-align: middle;\"><span style=\"color: #ffffff; font-family: Calibri; line-height: 15.808px;\">Neuville: Una de las grandes promesas del WRC, no ha tenido un final de temporada demasiado acertado este 2015. Este Catalu\u00f1a no ha sido una excepci\u00f3n, con problemas en su coche se sal\u00eda en el pen\u00faltimo tramo del rally perdiendo mucho tiempo y finalizando octavo en la clasificaci\u00f3n final.<\/span><\/p>\n<\/td>\n<\/tr>\n<\/tbody>\n<\/table>\n<p align=\"center\">\u00a0<\/p>\n<table id=\"AutoNumber1\" class=\"MsoNormalTable\" style=\"width: 100%; border-collapse: collapse;\" border=\"1\" width=\"100%\" cellspacing=\"0\" cellpadding=\"0\">\n<tbody>\n<tr>\n<td align=\"center\" bgcolor=\"#666666\" width=\"9%\"><span style=\"color: #f3f3ef;\">FOTO<\/span><\/td>\n<td style=\"text-align: center; background-color: #f3f3ef;\" rowspan=\"2\" width=\"40%\"><a href=\"https:\/\/www.faltabancuatrogotas.com\/nwf4g\/wp-content\/uploads\/2015\/12\/phoca_thumb_l_catalua15hugo-024-5ee.jpg\"><img loading=\"lazy\" decoding=\"async\" class=\" size-full wp-image-117\" src=\"https:\/\/www.faltabancuatrogotas.com\/nwf4g\/wp-content\/uploads\/2015\/12\/phoca_thumb_s_catalua15hugo-024-299.jpg\" alt=\"\" width=\"100\" height=\"66\" border=\"0\" \/><\/a><\/td>\n<td rowspan=\"2\" align=\"center\" width=\"1%\">\u00a0<\/td>\n<td align=\"center\" bgcolor=\"#666666\" width=\"8%\"><span style=\"color: #ffffff;\">FOTO<\/span><\/td>\n<td style=\"text-align: center; background-color: #f3f3ef;\" rowspan=\"2\" width=\"40%\"><a href=\"https:\/\/www.faltabancuatrogotas.com\/nwf4g\/wp-content\/uploads\/2015\/12\/phoca_thumb_l_catalua15hugo-028-9b1.jpg\"><img loading=\"lazy\" decoding=\"async\" class=\" size-full wp-image-119\" src=\"https:\/\/www.faltabancuatrogotas.com\/nwf4g\/wp-content\/uploads\/2015\/12\/phoca_thumb_s_catalua15hugo-028-ec6.jpg\" alt=\"\" width=\"100\" height=\"66\" border=\"0\" \/><\/a><\/td>\n<\/tr>\n<tr>\n<td align=\"center\" bgcolor=\"#666666\" width=\"9%\"><span style=\"color: #f3f3ef;\">Hugo<\/span><\/td>\n<td align=\"center\" bgcolor=\"#666666\" width=\"8%\"><span style=\"color: #f3f3ef;\">Hugo<\/span><\/td>\n<\/tr>\n<tr>\n<td style=\"text-align: center; vertical-align: middle;\" colspan=\"2\" align=\"center\" bgcolor=\"#003399\" width=\"32%\"><span style=\"color: #ffffff; font-family: Calibri; line-height: 15.808px;\">No sabr\u00edamos destacar a ninguno de los pilotos Citro\u00ebn, todos r\u00e1pidos y con un coche aparatoso, aqu\u00ed tenemos a Meeke en el tramo de La Figuera.<\/span><\/td>\n<td align=\"center\" width=\"1%\">\u00a0<\/td>\n<td colspan=\"2\" align=\"center\" bgcolor=\"#003399\" width=\"33%\">\n<p style=\"text-align: center; vertical-align: middle;\"><span style=\"color: #ffffff; font-family: Calibri;\">Los Ford no nos llamaron mucho la atenci\u00f3n. Hab\u00edan sufrido problemas el viernes y ven\u00edan en una especie de querer y no poder. El coche guapo es&#8230; Aqu\u00ed vemos a Evans.\u00a0<\/span><\/p>\n<\/td>\n<\/tr>\n<\/tbody>\n<\/table>\n<p align=\"center\">\u00a0<\/p>\n<table id=\"AutoNumber1\" class=\"MsoNormalTable\" style=\"width: 100%; border-collapse: collapse;\" border=\"1\" width=\"100%\" cellspacing=\"0\" cellpadding=\"0\">\n<tbody>\n<tr>\n<td align=\"center\" bgcolor=\"#666666\" width=\"9%\"><span style=\"color: #f3f3ef;\">FOTO<\/span><\/td>\n<td style=\"text-align: center; background-color: #f3f3ef;\" rowspan=\"2\" width=\"40%\"><a href=\"https:\/\/www.faltabancuatrogotas.com\/nwf4g\/wp-content\/uploads\/2015\/12\/phoca_thumb_l_catalua15hugo-034-95b.jpg\"><img loading=\"lazy\" decoding=\"async\" class=\" size-full wp-image-121\" src=\"https:\/\/www.faltabancuatrogotas.com\/nwf4g\/wp-content\/uploads\/2015\/12\/phoca_thumb_s_catalua15hugo-034-e2c.jpg\" alt=\"\" width=\"100\" height=\"66\" border=\"0\" \/><\/a><\/td>\n<td rowspan=\"2\" align=\"center\" width=\"1%\">\u00a0<\/td>\n<td align=\"center\" bgcolor=\"#666666\" width=\"8%\"><span style=\"color: #ffffff;\">FOTO<\/span><\/td>\n<td style=\"text-align: center; background-color: #f3f3ef;\" rowspan=\"2\" width=\"40%\"><a href=\"https:\/\/www.faltabancuatrogotas.com\/nwf4g\/wp-content\/uploads\/2015\/12\/phoca_thumb_l_img_5210-5a1.jpg\"><img loading=\"lazy\" decoding=\"async\" class=\" size-full wp-image-123\" src=\"https:\/\/www.faltabancuatrogotas.com\/nwf4g\/wp-content\/uploads\/2015\/12\/phoca_thumb_s_img_5210-6a3.jpg\" alt=\"\" width=\"100\" height=\"66\" border=\"0\" \/><\/a><\/td>\n<\/tr>\n<tr>\n<td align=\"center\" bgcolor=\"#666666\" width=\"9%\"><span style=\"color: #f3f3ef;\">Hugo<\/span><\/td>\n<td align=\"center\" bgcolor=\"#666666\" width=\"8%\"><span style=\"color: #f3f3ef;\">Daviz<\/span><\/td>\n<\/tr>\n<tr>\n<td style=\"text-align: center; vertical-align: middle;\" colspan=\"2\" align=\"center\" bgcolor=\"#003399\" width=\"32%\">\n<p><span style=\"color: #ffffff; font-family: Calibri;\">\u00a0El \u00faltimo de los Hyundai que aparec\u00eda era Sordo, con un ritmo m\u00e1s desenfadado que sus compa\u00f1eros y bastante crecido al no perder mucho en la jornada \u00abtierruna\u00bb. El coche parece menos barqueta que los Polos.\u00a0<\/span><\/p>\n<\/td>\n<td align=\"center\" width=\"1%\">\u00a0<\/td>\n<td style=\"text-align: center; vertical-align: middle;\" colspan=\"2\" align=\"center\" bgcolor=\"#003399\" width=\"33%\"><span style=\"color: #ffffff; font-family: Calibri;\">Cohete: El Asturiano se estrenaba con un Peugeot 208 R5, veh\u00edculo que conducir\u00e1 el a\u00f1o que viene, a\u00fan no se sabe sin en el ERC o en el WRC, gracias a haber ganado en Francia la 208 Rally Cup. Como premio y preparaci\u00f3n corri\u00f3 este Catalu\u00f1a, en el que dej\u00f3 muy buenas sensaciones. Con un ritmo siempre muy alto, si no fuera por los problemas con la direcci\u00f3n asistida de los primeros d\u00edas, lo habr\u00edamos visto arriba en la clasificaci\u00f3n de su categor\u00eda. \u00a0<\/span><\/td>\n<\/tr>\n<\/tbody>\n<\/table>\n<p style=\"font-size: 12.16px; line-height: 15.808px;\" align=\"center\">\u00a0<\/p>\n<table id=\"AutoNumber1\" class=\"MsoNormalTable\" style=\"width: 100%; border-collapse: collapse;\" border=\"1\" width=\"100%\" cellspacing=\"0\" cellpadding=\"0\">\n<tbody>\n<tr>\n<td align=\"center\" bgcolor=\"#666666\" width=\"9%\"><span style=\"color: #f3f3ef;\">FOTO<\/span><\/td>\n<td style=\"text-align: center; background-color: #f3f3ef;\" rowspan=\"2\" width=\"40%\"><a href=\"https:\/\/www.faltabancuatrogotas.com\/nwf4g\/wp-content\/uploads\/2015\/12\/phoca_thumb_l_img_5198-b7d.jpg\"><img loading=\"lazy\" decoding=\"async\" class=\" size-full wp-image-125\" src=\"https:\/\/www.faltabancuatrogotas.com\/nwf4g\/wp-content\/uploads\/2015\/12\/phoca_thumb_s_img_5198-87f.jpg\" alt=\"\" width=\"100\" height=\"66\" border=\"0\" \/><\/a><\/td>\n<td rowspan=\"2\" align=\"center\" width=\"1%\">\u00a0<\/td>\n<td align=\"center\" bgcolor=\"#666666\" width=\"8%\"><span style=\"color: #ffffff;\">FOTO<\/span><\/td>\n<td style=\"text-align: center; background-color: #f3f3ef;\" rowspan=\"2\" width=\"40%\"><a href=\"https:\/\/www.faltabancuatrogotas.com\/nwf4g\/wp-content\/uploads\/2015\/12\/phoca_thumb_l_catalua15hugo-078-cbd.jpg\"><img loading=\"lazy\" decoding=\"async\" class=\" size-full wp-image-127\" src=\"https:\/\/www.faltabancuatrogotas.com\/nwf4g\/wp-content\/uploads\/2015\/12\/phoca_thumb_s_catalua15hugo-078-bca.jpg\" alt=\"\" width=\"100\" height=\"66\" border=\"0\" \/><\/a><\/td>\n<\/tr>\n<tr>\n<td align=\"center\" bgcolor=\"#666666\" width=\"9%\"><span style=\"color: #f3f3ef;\">Daviz<\/span><\/td>\n<td align=\"center\" bgcolor=\"#666666\" width=\"8%\"><span style=\"color: #f3f3ef;\">Hugo<\/span><\/td>\n<\/tr>\n<tr>\n<td style=\"text-align: center; vertical-align: middle;\" colspan=\"2\" align=\"center\" bgcolor=\"#003399\" width=\"32%\"><span style=\"color: #ffffff; font-family: Calibri;\">El Cazador Cazado: Bien es sabido que a los que nos gusta hacer fotos, tratamos de buscar siempre \u00abla foto\u00bb. A veces, alg\u00fan \u00abamigo\u00bb nos caza en este menester, como es el caso, retratando\u00a0este Skoda de Kremer. (ver foto de la derecha)<\/span><\/td>\n<td align=\"center\" width=\"1%\">\u00a0<\/td>\n<td style=\"text-align: center; vertical-align: middle;\" colspan=\"2\" align=\"center\" bgcolor=\"#003399\" width=\"33%\"><span style=\"color: #ffffff; font-family: Calibri;\">Un mitico como Kremer estaba presente en un Fabia R5, como es habitual con una decoraci\u00f3n chula, y tan r\u00e1pido como para ser cuarto al final, \u00a0pero tampoco lo destacar\u00edamos por mucho m\u00e1s\u00a0<\/span><\/td>\n<\/tr>\n<\/tbody>\n<\/table>\n<p align=\"center\">\u00a0<\/p>\n<table id=\"AutoNumber1\" class=\"MsoNormalTable\" style=\"width: 100%; border-collapse: collapse;\" border=\"1\" width=\"100%\" cellspacing=\"0\" cellpadding=\"0\">\n<tbody>\n<tr>\n<td align=\"center\" bgcolor=\"#666666\" width=\"9%\"><span style=\"color: #f3f3ef;\">FOTO<\/span><\/td>\n<td style=\"text-align: center; background-color: #f3f3ef;\" rowspan=\"2\" width=\"40%\"><a href=\"https:\/\/www.faltabancuatrogotas.com\/nwf4g\/wp-content\/uploads\/2015\/12\/phoca_thumb_l_img_5243-4d7.jpg\"><img loading=\"lazy\" decoding=\"async\" class=\" size-full wp-image-129\" src=\"https:\/\/www.faltabancuatrogotas.com\/nwf4g\/wp-content\/uploads\/2015\/12\/phoca_thumb_s_img_5243-7d5.jpg\" alt=\"\" width=\"100\" height=\"66\" border=\"0\" \/><\/a><\/td>\n<td rowspan=\"2\" align=\"center\" width=\"1%\">\u00a0<\/td>\n<td align=\"center\" bgcolor=\"#666666\" width=\"8%\"><span style=\"color: #ffffff;\">FOTOS<\/span><\/td>\n<td style=\"text-align: center; background-color: #f3f3ef;\" rowspan=\"2\" width=\"40%\"><a href=\"https:\/\/www.faltabancuatrogotas.com\/nwf4g\/wp-content\/uploads\/2015\/12\/phoca_thumb_l_img_5246-859.jpg\"><img loading=\"lazy\" decoding=\"async\" class=\" size-full wp-image-131\" src=\"https:\/\/www.faltabancuatrogotas.com\/nwf4g\/wp-content\/uploads\/2015\/12\/phoca_thumb_s_img_5246-b5b.jpg\" alt=\"\" width=\"100\" height=\"66\" border=\"0\" \/><\/a>\u00a0\u00a0<a style=\"line-height: 15.808px;\" href=\"https:\/\/www.faltabancuatrogotas.com\/nwf4g\/wp-content\/uploads\/2015\/12\/phoca_thumb_l_catalua15hugo-136-490.jpg\"><img loading=\"lazy\" decoding=\"async\" class=\" size-full wp-image-133\" src=\"https:\/\/www.faltabancuatrogotas.com\/nwf4g\/wp-content\/uploads\/2015\/12\/phoca_thumb_s_catalua15hugo-136-3e7.jpg\" alt=\"\" width=\"100\" height=\"66\" border=\"0\" \/><\/a><\/td>\n<\/tr>\n<tr>\n<td align=\"center\" bgcolor=\"#666666\" width=\"9%\"><span style=\"color: #f3f3ef;\">Daviz<\/span><\/td>\n<td align=\"center\" bgcolor=\"#666666\" width=\"8%\"><span style=\"color: #f3f3ef;\">Daviz\/Hugo<\/span><\/td>\n<\/tr>\n<tr>\n<td style=\"text-align: center; vertical-align: middle;\" colspan=\"2\" align=\"center\" bgcolor=\"#003399\" width=\"32%\">\n<p><span style=\"color: #ffffff; font-family: Calibri;\">Fiestas DMack: Quiz\u00e1s no son los m\u00e1s r\u00e1pidos del plantel de coches que vimos pasar, ni los m\u00e1s espectaculares, pero desde luego no dejaban centr\u00edmetro de tramo sin atacar. <\/span><\/p>\n<\/td>\n<td align=\"center\" width=\"1%\">\u00a0<\/td>\n<td style=\"text-align: center; vertical-align: middle;\" colspan=\"2\" align=\"center\" bgcolor=\"#003399\" width=\"33%\">\n<p><span style=\"color: #ffffff; font-family: Calibri;\">Daviz: \u00abSolans: Una de las grandes sorpresas del d\u00eda, positiva por supuesto. Increible el ritmo del catal\u00e1n, no s\u00f3lo por sus tiempos, si no tambi\u00e9n por lo espectacular de su pilotaje. Definitivamente nos gan\u00f3 como aficionados y le seguiremos los pasos a este joven, de 22 a\u00f1os, porque tiene muchas papeletas para ser una de las figuras del WRC en un futuro muy pr\u00f3ximo.\u00bb<\/span><\/p>\n<p><span style=\"color: #ffffff; font-family: Calibri;\">Hugo: \u00abComo Cohete, Nil Solans iba desbocado. Reconocemos que no esper\u00e1bamos tanto de \u00e9l y que nos sorprendi\u00f3 por su desparpajo y rapidez. Quedamos con ganas de m\u00e1s como ellos. \u00ab<\/span><\/p>\n<\/td>\n<\/tr>\n<\/tbody>\n<\/table>\n<p align=\"center\">\u00a0<\/p>\n<table id=\"AutoNumber1\" class=\"MsoNormalTable\" style=\"width: 100%; border-collapse: collapse;\" border=\"1\" width=\"100%\" cellspacing=\"0\" cellpadding=\"0\">\n<tbody>\n<tr>\n<td align=\"center\" bgcolor=\"#666666\" width=\"9%\"><span style=\"color: #f3f3ef;\">FOTOS<\/span><\/td>\n<td style=\"text-align: center; background-color: #f3f3ef;\" rowspan=\"2\" width=\"40%\"><a href=\"https:\/\/www.faltabancuatrogotas.com\/nwf4g\/wp-content\/uploads\/2015\/12\/phoca_thumb_l_catalua15hugo-086-85b.jpg\"><img loading=\"lazy\" decoding=\"async\" class=\" size-full wp-image-135\" src=\"https:\/\/www.faltabancuatrogotas.com\/nwf4g\/wp-content\/uploads\/2015\/12\/phoca_thumb_s_catalua15hugo-086-f2c.jpg\" alt=\"\" width=\"100\" height=\"66\" \/><\/a>\u00a0\u00a0<a style=\"color: #0000cc; text-decoration: underline; line-height: 15.808px;\" href=\"https:\/\/www.faltabancuatrogotas.com\/nwf4g\/wp-content\/uploads\/2015\/12\/phoca_thumb_l_catalua15hugo-088-3a8.jpg\"><img loading=\"lazy\" decoding=\"async\" class=\" size-full wp-image-137\" src=\"https:\/\/www.faltabancuatrogotas.com\/nwf4g\/wp-content\/uploads\/2015\/12\/phoca_thumb_s_catalua15hugo-088-4df.jpg\" alt=\"\" width=\"100\" height=\"66\" border=\"0\" \/><\/a><\/td>\n<td rowspan=\"2\" align=\"center\" width=\"1%\">\u00a0<\/td>\n<td align=\"center\" bgcolor=\"#666666\" width=\"8%\"><span style=\"color: #ffffff;\">FOTO<\/span><\/td>\n<td style=\"text-align: center; background-color: #f3f3ef;\" rowspan=\"2\" width=\"40%\"><a href=\"https:\/\/www.faltabancuatrogotas.com\/nwf4g\/wp-content\/uploads\/2015\/12\/phoca_thumb_l_catalua15hugo-099-ccb.jpg\"><img loading=\"lazy\" decoding=\"async\" class=\" size-full wp-image-139\" src=\"https:\/\/www.faltabancuatrogotas.com\/nwf4g\/wp-content\/uploads\/2015\/12\/phoca_thumb_s_catalua15hugo-099-bbc.jpg\" alt=\"\" width=\"100\" height=\"66\" border=\"0\" \/><\/a><\/td>\n<\/tr>\n<tr>\n<td align=\"center\" bgcolor=\"#666666\" width=\"9%\"><span style=\"color: #f3f3ef;\">Hugo<\/span><\/td>\n<td align=\"center\" bgcolor=\"#666666\" width=\"8%\"><span style=\"color: #f3f3ef;\">Hugo<\/span><\/td>\n<\/tr>\n<tr>\n<td style=\"text-align: center; vertical-align: middle;\" colspan=\"2\" align=\"center\" bgcolor=\"#003399\" width=\"32%\"><span style=\"color: #ffffff; font-family: Calibri;\">Cuesti\u00f3n de actitud, en estas dos fotos se aprecia bien las distintas maneras de tomarse el rally. El del 208 \u00abescacharrao\u00bb es Cohete que ten\u00eda ganas, el otro (podr\u00edamos poner a varios m\u00e1s) seguro que fue r\u00e1pido, pero nada comparado con \u00abel nuestro\u00bb.<\/span><\/td>\n<td align=\"center\" width=\"1%\">\u00a0<\/td>\n<td style=\"text-align: center; vertical-align: middle;\" colspan=\"2\" align=\"center\" bgcolor=\"#003399\" width=\"33%\"><span style=\"color: #ffffff; font-family: Calibri;\">S\u00f3lo vimos dos veces a Carchat que ten\u00eda problemas de motor cuando dominaba Producci\u00f3n y abandonaba, pasando seguramente muy r\u00e1pido, pero \u00a0ya sabemos la impresi\u00f3n que dan los Evo y m\u00e1s en comparaci\u00f3n con los WRC y R5<\/span><\/td>\n<\/tr>\n<\/tbody>\n<\/table>\n<p align=\"center\">\u00a0<\/p>\n<table id=\"AutoNumber1\" class=\"MsoNormalTable\" style=\"width: 100%; border-collapse: collapse;\" border=\"1\" width=\"100%\" cellspacing=\"0\" cellpadding=\"0\">\n<tbody>\n<tr>\n<td align=\"center\" bgcolor=\"#666666\" width=\"9%\"><span style=\"color: #f3f3ef;\">FOTO<\/span><\/td>\n<td style=\"text-align: center; background-color: #f3f3ef;\" rowspan=\"2\" width=\"40%\"><a href=\"https:\/\/www.faltabancuatrogotas.com\/nwf4g\/wp-content\/uploads\/2015\/12\/phoca_thumb_l_catalua15hugo-107-f2f.jpg\"><img loading=\"lazy\" decoding=\"async\" class=\" size-full wp-image-141\" src=\"https:\/\/www.faltabancuatrogotas.com\/nwf4g\/wp-content\/uploads\/2015\/12\/phoca_thumb_s_catalua15hugo-107-858.jpg\" alt=\"\" width=\"100\" height=\"66\" \/><\/a><\/td>\n<td rowspan=\"2\" align=\"center\" width=\"1%\">\u00a0<\/td>\n<td align=\"center\" bgcolor=\"#666666\" width=\"8%\"><span style=\"color: #ffffff;\">FOTO<\/span><\/td>\n<td style=\"text-align: center; background-color: #f3f3ef;\" rowspan=\"2\" width=\"40%\"><a href=\"https:\/\/www.faltabancuatrogotas.com\/nwf4g\/wp-content\/uploads\/2015\/12\/phoca_thumb_l_catalua15hugo-126-825.jpg\"><img loading=\"lazy\" decoding=\"async\" class=\" size-full wp-image-143\" src=\"https:\/\/www.faltabancuatrogotas.com\/nwf4g\/wp-content\/uploads\/2015\/12\/phoca_thumb_s_catalua15hugo-126-f52.jpg\" alt=\"\" width=\"100\" height=\"66\" border=\"0\" \/><\/a><\/td>\n<\/tr>\n<tr>\n<td align=\"center\" bgcolor=\"#666666\" width=\"9%\"><span style=\"color: #f3f3ef;\">Hugo<\/span><\/td>\n<td align=\"center\" bgcolor=\"#666666\" width=\"8%\"><span style=\"color: #f3f3ef;\">Hugo<\/span><\/td>\n<\/tr>\n<tr>\n<td style=\"text-align: center; vertical-align: middle;\" colspan=\"2\" align=\"center\" bgcolor=\"#003399\" width=\"32%\"><span style=\"color: #ffffff; font-family: Calibri;\">Mucho DS3 R3T y tambi\u00e9n muchos 208, aunque en menos cantidad. Varios iban pitados con los colores italianos siendo uno de los m\u00e1s destacados Fabio\u00a0Andolfi, que termin\u00f3 tercero del WRC3.\u00a0<\/span><\/td>\n<td align=\"center\" width=\"1%\">\u00a0<\/td>\n<td style=\"text-align: center; vertical-align: middle;\" colspan=\"2\" align=\"center\" bgcolor=\"#003399\" width=\"33%\"><span style=\"color: #ffffff; font-family: Calibri;\">Mucho Fiesta tambi\u00e9n, que a pesar de su secuencial y dem\u00e1s avances, no sab\u00eda a mucho pensando en que estamos viendo el Mundial. El ganador y Campe\u00f3n fue Marius Aasen que gan\u00f3 las dos carreras de las que se compon\u00eda el fin de semana \u00a0(Una en tierra y otra en asfalto).<\/span><\/td>\n<\/tr>\n<\/tbody>\n<\/table>\n<p align=\"center\">\u00a0<\/p>\n<table id=\"AutoNumber1\" class=\"MsoNormalTable\" style=\"width: 100%; border-collapse: collapse;\" border=\"1\" width=\"100%\" cellspacing=\"0\" cellpadding=\"0\">\n<tbody>\n<tr>\n<td align=\"center\" bgcolor=\"#666666\" width=\"9%\"><span style=\"color: #f3f3ef;\">FOTO<\/span><\/td>\n<td style=\"text-align: center; background-color: #f3f3ef;\" rowspan=\"2\" width=\"40%\"><a href=\"https:\/\/www.faltabancuatrogotas.com\/nwf4g\/wp-content\/uploads\/2015\/12\/phoca_thumb_l_catalua15hugo-145-13a.jpg\"><img loading=\"lazy\" decoding=\"async\" class=\" size-full wp-image-145\" src=\"https:\/\/www.faltabancuatrogotas.com\/nwf4g\/wp-content\/uploads\/2015\/12\/phoca_thumb_s_catalua15hugo-145-64d.jpg\" alt=\"\" width=\"100\" height=\"66\" \/><\/a>\u00a0\u00a0<\/td>\n<td rowspan=\"2\" align=\"center\" width=\"1%\">\u00a0<\/td>\n<td align=\"center\" bgcolor=\"#666666\" width=\"8%\"><span style=\"color: #ffffff;\">FOTO<\/span><\/td>\n<td style=\"text-align: center; background-color: #f3f3ef;\" rowspan=\"2\" width=\"40%\"><a href=\"https:\/\/www.faltabancuatrogotas.com\/nwf4g\/wp-content\/uploads\/2015\/12\/phoca_thumb_l_img_5429-b24.jpg\"><img loading=\"lazy\" decoding=\"async\" class=\" size-full wp-image-147\" src=\"https:\/\/www.faltabancuatrogotas.com\/nwf4g\/wp-content\/uploads\/2015\/12\/phoca_thumb_s_img_5429-826.jpg\" alt=\"\" width=\"100\" height=\"66\" border=\"0\" \/><\/a><\/td>\n<\/tr>\n<tr>\n<td align=\"center\" bgcolor=\"#666666\" width=\"9%\"><span style=\"color: #f3f3ef;\">Hugo<\/span><\/td>\n<td align=\"center\" bgcolor=\"#666666\" width=\"8%\"><span style=\"color: #f3f3ef;\">Daviz<\/span><\/td>\n<\/tr>\n<tr>\n<td style=\"text-align: center; vertical-align: middle;\" colspan=\"2\" align=\"center\" bgcolor=\"#003399\" width=\"32%\"><span style=\"color: #ffffff; font-family: Calibri;\">Este Fiesta nos llam\u00f3 la atenci\u00f3n cuando se acercaba por guapo, pero cuando pas\u00f3 al lado nuestro vimos que s\u00f3lo era eso. R\u00e1pido r\u00e1pido no iba.\u00a0<\/span><\/td>\n<td align=\"center\" width=\"1%\">\u00a0<\/td>\n<td style=\"text-align: center; vertical-align: middle;\" colspan=\"2\" align=\"center\" bgcolor=\"#003399\" width=\"33%\"><span style=\"color: #ffffff; font-family: Calibri;\">Kubica, qu\u00e9 decir de \u00e9l. Un tipo medi\u00e1tico, r\u00e1pido, siempre va a tope, pega muchas veces \u00a0pero verlo pasar impresiona. Robert necesita tanto el WRC como el WRC lo necesita a \u00e9l. Ojal\u00e1 podamos seguir disfrutando de \u00e9l los pr\u00f3ximos a\u00f1os.<\/span><\/td>\n<\/tr>\n<\/tbody>\n<\/table>\n<p align=\"center\">\u00a0<\/p>\n<table id=\"AutoNumber1\" class=\"MsoNormalTable\" style=\"width: 100%; border-collapse: collapse;\" border=\"1\" width=\"100%\" cellspacing=\"0\" cellpadding=\"0\">\n<tbody>\n<tr>\n<td align=\"center\" bgcolor=\"#666666\" width=\"9%\"><span style=\"color: #f3f3ef;\">FOTO<\/span><\/td>\n<td style=\"text-align: center; background-color: #f3f3ef;\" rowspan=\"2\" width=\"40%\"><a href=\"https:\/\/www.faltabancuatrogotas.com\/nwf4g\/wp-content\/uploads\/2015\/12\/phoca_thumb_l_catalua15hugo-153-57b.jpg\"><img loading=\"lazy\" decoding=\"async\" class=\" size-full wp-image-149\" src=\"https:\/\/www.faltabancuatrogotas.com\/nwf4g\/wp-content\/uploads\/2015\/12\/phoca_thumb_s_catalua15hugo-153-20c.jpg\" alt=\"\" width=\"100\" height=\"66\" \/><\/a>\u00a0\u00a0<\/td>\n<td rowspan=\"2\" align=\"center\" width=\"1%\">\u00a0<\/td>\n<td align=\"center\" bgcolor=\"#666666\" width=\"8%\"><span style=\"color: #ffffff;\">FOTO<\/span><\/td>\n<td style=\"text-align: center; background-color: #f3f3ef;\" rowspan=\"2\" width=\"40%\"><a href=\"https:\/\/www.faltabancuatrogotas.com\/nwf4g\/wp-content\/uploads\/2015\/12\/phoca_thumb_l_catalua15hugo-146-540.jpg\"><img loading=\"lazy\" decoding=\"async\" class=\" size-full wp-image-151\" src=\"https:\/\/www.faltabancuatrogotas.com\/nwf4g\/wp-content\/uploads\/2015\/12\/phoca_thumb_s_catalua15hugo-146-237.jpg\" alt=\"\" width=\"100\" height=\"66\" border=\"0\" \/><\/a><\/td>\n<\/tr>\n<tr>\n<td align=\"center\" bgcolor=\"#666666\" width=\"9%\"><span style=\"color: #f3f3ef;\">Hugo<\/span><\/td>\n<td align=\"center\" bgcolor=\"#666666\" width=\"8%\"><span style=\"color: #f3f3ef;\">Hugo<\/span><\/td>\n<\/tr>\n<tr>\n<td style=\"text-align: center; vertical-align: middle;\" colspan=\"2\" align=\"center\" bgcolor=\"#003399\" width=\"32%\"><span style=\"color: #ffffff; font-family: Calibri;\">Como sucede en el Nacional, uno de los animadores era el Opel Adam, que con mucho desparpajo no ten\u00eda nada que envidiar a sus hermanos mayores. Su piloto era un se\u00f1or bajito y no muy estilizado que tambi\u00e9n nos llam\u00f3 la atenci\u00f3n.\u00a0<\/span><\/td>\n<td align=\"center\" width=\"1%\">\u00a0<\/td>\n<td style=\"text-align: center; vertical-align: middle;\" colspan=\"2\" align=\"center\" bgcolor=\"#003399\" width=\"33%\"><span style=\"color: #ffffff; font-family: Calibri;\">Como hablamos en el caso de \u00abCohete\u00bb la actitud lo es todo. A nuestro juicio muchos Evos presentes aqu\u00ed, varios alquilados por for\u00e1neos a RMC, ven\u00edan un poco de paseo. El de la foto no.<\/span><\/td>\n<\/tr>\n<\/tbody>\n<\/table>\n<p align=\"center\">\u00a0\u00a0<\/p>\n<table id=\"AutoNumber1\" class=\"MsoNormalTable\" style=\"width: 100%; border-collapse: collapse;\" border=\"1\" width=\"100%\" cellspacing=\"0\" cellpadding=\"0\">\n<tbody>\n<tr>\n<td align=\"center\" bgcolor=\"#666666\" width=\"9%\"><span style=\"color: #f3f3ef;\">FOTO<\/span><\/td>\n<td style=\"text-align: center; background-color: #f3f3ef;\" rowspan=\"2\" width=\"40%\"><a href=\"https:\/\/www.faltabancuatrogotas.com\/nwf4g\/wp-content\/uploads\/2015\/12\/phoca_thumb_l_img_5317-4e4.jpg\"><img loading=\"lazy\" decoding=\"async\" class=\" size-full wp-image-153\" src=\"https:\/\/www.faltabancuatrogotas.com\/nwf4g\/wp-content\/uploads\/2015\/12\/phoca_thumb_s_img_5317-7e6.jpg\" alt=\"\" width=\"100\" height=\"66\" border=\"0\" \/><\/a><\/td>\n<td rowspan=\"2\" align=\"center\" width=\"1%\">\u00a0<\/td>\n<td align=\"center\" bgcolor=\"#666666\" width=\"8%\"><span style=\"color: #ffffff;\">FOTO<\/span><\/td>\n<td style=\"text-align: center; background-color: #f3f3ef;\" rowspan=\"2\" width=\"40%\"><a href=\"https:\/\/www.faltabancuatrogotas.com\/nwf4g\/wp-content\/uploads\/2015\/12\/phoca_thumb_l_img_5335-794.jpg\"><img loading=\"lazy\" decoding=\"async\" class=\" size-full wp-image-155\" src=\"https:\/\/www.faltabancuatrogotas.com\/nwf4g\/wp-content\/uploads\/2015\/12\/phoca_thumb_s_img_5335-496.jpg\" alt=\"\" width=\"100\" height=\"66\" border=\"0\" \/><\/a><\/td>\n<\/tr>\n<tr>\n<td align=\"center\" bgcolor=\"#666666\" width=\"9%\"><span style=\"color: #f3f3ef;\">Daviz<\/span><\/td>\n<td align=\"center\" bgcolor=\"#666666\" width=\"8%\"><span style=\"color: #f3f3ef;\">Daviz<\/span><\/td>\n<\/tr>\n<tr>\n<td style=\"text-align: center; vertical-align: middle;\" colspan=\"2\" align=\"center\" bgcolor=\"#003399\" width=\"32%\"><span style=\"color: #ffffff; font-family: Calibri;\">Los cl\u00e1sicos nos deleitaban entre pasada y pasada del mismo tramo, para matar el tiempo y hacernos disfrutar con su sonido y su decoraci\u00f3n.<\/span><\/td>\n<td align=\"center\" width=\"1%\">\u00a0<\/td>\n<td style=\"text-align: center; vertical-align: middle;\" colspan=\"2\" align=\"center\" bgcolor=\"#003399\" width=\"33%\"><span style=\"color: #ffffff; font-family: Calibri;\">Llamativo y m\u00edtico, este BMW M3 era uno de los cl\u00e1sicos con mayor ritmo en su paso por los tramos.<\/span><\/td>\n<\/tr>\n<\/tbody>\n<\/table>\n<p align=\"center\">\u00a0<\/p>\n<table id=\"AutoNumber1\" class=\"MsoNormalTable\" style=\"width: 100%; border-collapse: collapse;\" border=\"1\" width=\"100%\" cellspacing=\"0\" cellpadding=\"0\">\n<tbody>\n<tr>\n<td align=\"center\" bgcolor=\"#666666\" width=\"9%\"><span style=\"color: #f3f3ef;\">FOTO<\/span><\/td>\n<td style=\"text-align: center; background-color: #f3f3ef;\" rowspan=\"2\" width=\"40%\"><a href=\"https:\/\/www.faltabancuatrogotas.com\/nwf4g\/wp-content\/uploads\/2015\/12\/phoca_thumb_l_catalua15hugo-205-b9d.jpg\"><img loading=\"lazy\" decoding=\"async\" class=\" size-full wp-image-157\" src=\"https:\/\/www.faltabancuatrogotas.com\/nwf4g\/wp-content\/uploads\/2015\/12\/phoca_thumb_s_catalua15hugo-205-cea.jpg\" alt=\"\" width=\"100\" height=\"66\" border=\"0\" \/><\/a><\/td>\n<td rowspan=\"2\" align=\"center\" width=\"1%\">\u00a0<\/td>\n<td align=\"center\" bgcolor=\"#666666\" width=\"8%\"><span style=\"color: #ffffff;\">FOTO<\/span><\/td>\n<td style=\"text-align: center; background-color: #f3f3ef;\" rowspan=\"2\" width=\"40%\"><a href=\"https:\/\/www.faltabancuatrogotas.com\/nwf4g\/wp-content\/uploads\/2015\/12\/phoca_thumb_l_catalua15hugo-234-022.jpg\"><img loading=\"lazy\" decoding=\"async\" class=\" size-full wp-image-159\" src=\"https:\/\/www.faltabancuatrogotas.com\/nwf4g\/wp-content\/uploads\/2015\/12\/phoca_thumb_s_catalua15hugo-234-755.jpg\" alt=\"\" width=\"100\" height=\"66\" border=\"0\" \/><\/a><\/td>\n<\/tr>\n<tr>\n<td align=\"center\" bgcolor=\"#666666\" width=\"9%\"><span style=\"color: #f3f3ef;\">Hugo<\/span><\/td>\n<td align=\"center\" bgcolor=\"#666666\" width=\"8%\"><span style=\"color: #f3f3ef;\">Hugo<\/span><\/td>\n<\/tr>\n<tr>\n<td style=\"text-align: center; vertical-align: middle;\" colspan=\"2\" align=\"center\" bgcolor=\"#003399\" width=\"32%\"><span style=\"color: #ffffff; font-family: Calibri;\">La sensaci\u00f3n de estar viendo cl\u00e1sicos entre manga y manga era entretenido. Pero de repente apareci\u00f3 el S1 y se hizo el silencio. Espectacular como ninguno. Luego en la tarde se retir\u00f3 por un conato de incendio, pero el recuerdo que nos dej\u00f3 fue imborrable.\u00a0<\/span><\/td>\n<td align=\"center\" width=\"1%\">\u00a0<\/td>\n<td style=\"text-align: center; vertical-align: middle;\" colspan=\"2\" align=\"center\" bgcolor=\"#003399\" width=\"33%\"><span style=\"color: #ffffff; font-family: Calibri;\">Recordando al gran Bernard Begin, el M3 que sal\u00eda mezclado entre los Hist\u00f3ricos sonaba a gloria y aunque en esta zona pas\u00f3 por el sitio, al d\u00eda siguiente estuvo jugueteando en las rotondas de final de tramo.<\/span><\/td>\n<\/tr>\n<\/tbody>\n<\/table>\n<p align=\"center\">\u00a0<\/p>\n<table id=\"AutoNumber1\" class=\"MsoNormalTable\" style=\"width: 100%; border-collapse: collapse;\" border=\"1\" width=\"100%\" cellspacing=\"0\" cellpadding=\"0\">\n<tbody>\n<tr>\n<td align=\"center\" bgcolor=\"#666666\" width=\"9%\"><span style=\"color: #f3f3ef;\">FOTO<\/span><\/td>\n<td style=\"text-align: center; background-color: #f3f3ef;\" rowspan=\"2\" width=\"40%\"><a href=\"https:\/\/www.faltabancuatrogotas.com\/nwf4g\/wp-content\/uploads\/2015\/12\/phoca_thumb_l_catalua15hugo-223-7b5.jpg\"><img loading=\"lazy\" decoding=\"async\" class=\" size-full wp-image-161\" src=\"https:\/\/www.faltabancuatrogotas.com\/nwf4g\/wp-content\/uploads\/2015\/12\/phoca_thumb_s_catalua15hugo-223-0c2.jpg\" alt=\"\" width=\"100\" height=\"66\" border=\"0\" \/><\/a><\/td>\n<td rowspan=\"2\" align=\"center\" width=\"1%\">\u00a0<\/td>\n<td align=\"center\" bgcolor=\"#666666\" width=\"8%\"><span style=\"color: #ffffff;\">FOTO<\/span><\/td>\n<td style=\"text-align: center; background-color: #f3f3ef;\" rowspan=\"2\" width=\"40%\"><a href=\"https:\/\/www.faltabancuatrogotas.com\/nwf4g\/wp-content\/uploads\/2015\/12\/phoca_thumb_l_catalua15hugo-358-b7f.jpg\"><img loading=\"lazy\" decoding=\"async\" class=\" size-full wp-image-163\" src=\"https:\/\/www.faltabancuatrogotas.com\/nwf4g\/wp-content\/uploads\/2015\/12\/phoca_thumb_s_catalua15hugo-358-c08.jpg\" alt=\"\" width=\"100\" height=\"66\" border=\"0\" \/><\/a><\/td>\n<\/tr>\n<tr>\n<td align=\"center\" bgcolor=\"#666666\" width=\"9%\"><span style=\"color: #f3f3ef;\">Hugo<\/span><\/td>\n<td align=\"center\" bgcolor=\"#666666\" width=\"8%\"><span style=\"color: #f3f3ef;\">Hugo<\/span><\/td>\n<\/tr>\n<tr>\n<td style=\"text-align: center; vertical-align: middle;\" colspan=\"2\" align=\"center\" bgcolor=\"#003399\" width=\"32%\"><span style=\"color: #ffffff; font-family: Calibri;\">Siempre es agradable volver la vista atr\u00e1s y ver maquinaria poco com\u00fan en los tiempos que corren. El Alpine nos gust\u00f3 mucho, no por r\u00e1pido pero s\u00ed por aparatoso. Porque un Alpine siempre ser\u00e1 un Alpine.\u00a0<\/span><\/td>\n<td align=\"center\" width=\"1%\">\u00a0<\/td>\n<td style=\"text-align: center; vertical-align: middle;\" colspan=\"2\" align=\"center\" bgcolor=\"#003399\" width=\"33%\"><span style=\"color: #ffffff; font-family: Calibri;\">Mal el Corsa. Eso coment\u00e1bamos cada vez que pasaba. Iba despacio y reteniendo sin parar y el ruido que hac\u00eda al retener se parec\u00eda al tosido de un griposo. Mal el Corsa.\u00a0<\/span><\/td>\n<\/tr>\n<\/tbody>\n<\/table>\n<p align=\"center\">\u00a0<\/p>\n<table id=\"AutoNumber1\" class=\"MsoNormalTable\" style=\"width: 100%; border-collapse: collapse;\" border=\"1\" width=\"100%\" cellspacing=\"0\" cellpadding=\"0\">\n<tbody>\n<tr>\n<td align=\"center\" bgcolor=\"#666666\" width=\"9%\"><span style=\"color: #f3f3ef;\">FOTO<\/span><\/td>\n<td style=\"text-align: center; background-color: #f3f3ef;\" rowspan=\"2\" width=\"40%\"><a href=\"https:\/\/www.faltabancuatrogotas.com\/nwf4g\/wp-content\/uploads\/2015\/12\/phoca_thumb_l_catalua15hugo-256-aeb.jpg\"><img loading=\"lazy\" decoding=\"async\" class=\" size-full wp-image-165\" src=\"https:\/\/www.faltabancuatrogotas.com\/nwf4g\/wp-content\/uploads\/2015\/12\/phoca_thumb_s_catalua15hugo-256-d9c.jpg\" alt=\"\" width=\"100\" height=\"66\" border=\"0\" \/><\/a><\/td>\n<td rowspan=\"2\" align=\"center\" width=\"1%\">\u00a0<\/td>\n<td align=\"center\" bgcolor=\"#666666\" width=\"8%\"><span style=\"color: #ffffff;\">FOTO<\/span><\/td>\n<td style=\"text-align: center; background-color: #f3f3ef;\" rowspan=\"2\" width=\"40%\"><a href=\"https:\/\/www.faltabancuatrogotas.com\/nwf4g\/wp-content\/uploads\/2015\/12\/phoca_thumb_l_catalua15hugo-272-16f.jpg\"><img loading=\"lazy\" decoding=\"async\" class=\" size-full wp-image-167\" src=\"https:\/\/www.faltabancuatrogotas.com\/nwf4g\/wp-content\/uploads\/2015\/12\/phoca_thumb_s_catalua15hugo-272-618.jpg\" alt=\"\" width=\"100\" height=\"66\" border=\"0\" \/><\/a><\/td>\n<\/tr>\n<tr>\n<td align=\"center\" bgcolor=\"#666666\" width=\"9%\"><span style=\"color: #f3f3ef;\">Hugo<\/span><\/td>\n<td align=\"center\" bgcolor=\"#666666\" width=\"8%\"><span style=\"color: #f3f3ef;\">Hugo<\/span><\/td>\n<\/tr>\n<tr>\n<td style=\"text-align: center; vertical-align: middle;\" colspan=\"2\" align=\"center\" bgcolor=\"#003399\" width=\"32%\"><span style=\"color: #ffffff; font-family: Calibri;\">Junto a Neuville, Hayden Padon fue un digno escudero de Dani Sordo, con buen ritmo, siendo el segundo de los Hyundai pero lejos del c\u00e1ntabro\u00a0<\/span><\/td>\n<td align=\"center\" width=\"1%\">\u00a0<\/td>\n<td style=\"text-align: center; vertical-align: middle;\" colspan=\"2\" align=\"center\" bgcolor=\"#003399\" width=\"33%\"><span style=\"color: #ffffff; font-family: Calibri;\">Dedic\u00e1ndose a disfrutar de la carrera, Al attiyaah corri\u00f3, dio espect\u00e1culo y encima fue tercero de WRC2, siendo el Campe\u00f3n por segundo a\u00f1o consecutivo.\u00a0<\/span><\/td>\n<\/tr>\n<\/tbody>\n<\/table>\n<p align=\"center\">\u00a0<\/p>\n<table id=\"AutoNumber1\" class=\"MsoNormalTable\" style=\"width: 100%; border-collapse: collapse;\" border=\"1\" width=\"100%\" cellspacing=\"0\" cellpadding=\"0\">\n<tbody>\n<tr>\n<td align=\"center\" bgcolor=\"#666666\" width=\"9%\"><span style=\"color: #f3f3ef;\">FOTO<\/span><\/td>\n<td style=\"text-align: center; background-color: #f3f3ef;\" rowspan=\"2\" width=\"40%\"><a href=\"https:\/\/www.faltabancuatrogotas.com\/nwf4g\/wp-content\/uploads\/2015\/12\/phoca_thumb_l_catalua15hugo-285-558.jpg\"><img loading=\"lazy\" decoding=\"async\" class=\" size-full wp-image-169\" src=\"https:\/\/www.faltabancuatrogotas.com\/nwf4g\/wp-content\/uploads\/2015\/12\/phoca_thumb_s_catalua15hugo-285-22f.jpg\" alt=\"\" width=\"100\" height=\"66\" border=\"0\" \/><\/a><\/td>\n<td rowspan=\"2\" align=\"center\" width=\"1%\">\u00a0<\/td>\n<td align=\"center\" bgcolor=\"#666666\" width=\"8%\"><span style=\"color: #ffffff;\">FOTO<\/span><\/td>\n<td style=\"text-align: center; background-color: #f3f3ef;\" rowspan=\"2\" width=\"40%\"><a href=\"https:\/\/www.faltabancuatrogotas.com\/nwf4g\/wp-content\/uploads\/2015\/12\/phoca_thumb_l_catalua15hugo-293-119.jpg\"><img loading=\"lazy\" decoding=\"async\" class=\" size-full wp-image-171\" src=\"https:\/\/www.faltabancuatrogotas.com\/nwf4g\/wp-content\/uploads\/2015\/12\/phoca_thumb_s_catalua15hugo-293-66e.jpg\" alt=\"\" width=\"100\" height=\"66\" border=\"0\" \/><\/a><\/td>\n<\/tr>\n<tr>\n<td align=\"center\" bgcolor=\"#666666\" width=\"9%\"><span style=\"color: #f3f3ef;\">Hugo<\/span><\/td>\n<td align=\"center\" bgcolor=\"#666666\" width=\"8%\"><span style=\"color: #f3f3ef;\">Hugo<\/span><\/td>\n<\/tr>\n<tr>\n<td style=\"text-align: center; vertical-align: middle;\" colspan=\"2\" align=\"center\" bgcolor=\"#003399\" width=\"32%\"><span style=\"color: #ffffff; font-family: Calibri;\">Dominador en WRC3 a pesar de un pinchazo, Quentin Gilbert ya era Campe\u00f3n del Mundo Junior, aunque no lo era todav\u00eda dentro de esta categor\u00eda.\u00a0<\/span><\/td>\n<td align=\"center\" width=\"1%\">\u00a0<\/td>\n<td style=\"text-align: center; vertical-align: middle;\" colspan=\"2\" align=\"center\" bgcolor=\"#003399\" width=\"33%\"><span style=\"color: #ffffff; font-family: Calibri;\">Segundo en WRC3 fue Terry Folb que no pudo con Gilbert ni Tempestini, aunque los pinchazos le dieron ventaja. A simple vista, todos los DS3 eran iguales.<\/span><\/td>\n<\/tr>\n<\/tbody>\n<\/table>\n<p align=\"center\">\u00a0<\/p>\n<table id=\"AutoNumber1\" class=\"MsoNormalTable\" style=\"width: 100%; border-collapse: collapse;\" border=\"1\" width=\"100%\" cellspacing=\"0\" cellpadding=\"0\">\n<tbody>\n<tr>\n<td align=\"center\" bgcolor=\"#666666\" width=\"9%\"><span style=\"color: #f3f3ef;\">FOTO<\/span><\/td>\n<td style=\"text-align: center; background-color: #f3f3ef;\" rowspan=\"2\" width=\"40%\"><a href=\"https:\/\/www.faltabancuatrogotas.com\/nwf4g\/wp-content\/uploads\/2015\/12\/phoca_thumb_l_catalua15hugo-314-e99.jpg\"><img loading=\"lazy\" decoding=\"async\" class=\" size-full wp-image-173\" src=\"https:\/\/www.faltabancuatrogotas.com\/nwf4g\/wp-content\/uploads\/2015\/12\/phoca_thumb_s_catalua15hugo-314-9ee.jpg\" alt=\"\" width=\"100\" height=\"66\" border=\"0\" \/><\/a><\/td>\n<td rowspan=\"2\" align=\"center\" width=\"1%\">\u00a0<\/td>\n<td align=\"center\" bgcolor=\"#666666\" width=\"8%\"><span style=\"color: #ffffff;\">FOTO<\/span><\/td>\n<td style=\"text-align: center; background-color: #f3f3ef;\" rowspan=\"2\" width=\"40%\"><a href=\"https:\/\/www.faltabancuatrogotas.com\/nwf4g\/wp-content\/uploads\/2015\/12\/phoca_thumb_l_catalua15hugo-317-ae3.jpg\"><img loading=\"lazy\" decoding=\"async\" class=\" size-full wp-image-175\" src=\"https:\/\/www.faltabancuatrogotas.com\/nwf4g\/wp-content\/uploads\/2015\/12\/phoca_thumb_s_catalua15hugo-317-d94.jpg\" alt=\"\" width=\"100\" height=\"66\" border=\"0\" \/><\/a><\/td>\n<\/tr>\n<tr>\n<td align=\"center\" bgcolor=\"#666666\" width=\"9%\"><span style=\"color: #f3f3ef;\">Hugo<\/span><\/td>\n<td align=\"center\" bgcolor=\"#666666\" width=\"8%\"><span style=\"color: #f3f3ef;\">Hugo<\/span><\/td>\n<\/tr>\n<tr>\n<td style=\"text-align: center; vertical-align: middle;\" colspan=\"2\" align=\"center\" bgcolor=\"#003399\" width=\"32%\"><span style=\"color: #ffffff; font-family: Calibri;\">La Drive Dmack Fiesta Trophy constaba de dos carreras y muchos coches iguales. En tierra este se\u00f1or, Tom Cave, era segundo, en asfalto conmutaba posici\u00f3n con Reeves para ser tercero.\u00a0<\/span><\/td>\n<td align=\"center\" width=\"1%\">\u00a0<\/td>\n<td style=\"text-align: center; vertical-align: middle;\" colspan=\"2\" align=\"center\" bgcolor=\"#003399\" width=\"33%\"><span style=\"color: #ffffff; font-family: Calibri;\">Desde Australia ven\u00eda Brendan Reeves para ser tercero de los Fiesta en tierra y segundo en asfalto. Para correr con estos artefactos no sabemos si merece la pena tanto viaje\u00a0<\/span><\/td>\n<\/tr>\n<\/tbody>\n<\/table>\n<p align=\"center\">\u00a0<\/p>\n<table id=\"AutoNumber1\" class=\"MsoNormalTable\" style=\"width: 100%; border-collapse: collapse;\" border=\"1\" width=\"100%\" cellspacing=\"0\" cellpadding=\"0\">\n<tbody>\n<tr>\n<td align=\"center\" bgcolor=\"#666666\" width=\"9%\"><span style=\"color: #f3f3ef;\">FOTO<\/span><\/td>\n<td style=\"text-align: center; background-color: #f3f3ef;\" rowspan=\"2\" width=\"40%\"><a href=\"https:\/\/www.faltabancuatrogotas.com\/nwf4g\/wp-content\/uploads\/2015\/12\/phoca_thumb_l_catalua15hugo-323-dd2.jpg\"><img loading=\"lazy\" decoding=\"async\" class=\" size-full wp-image-177\" src=\"https:\/\/www.faltabancuatrogotas.com\/nwf4g\/wp-content\/uploads\/2015\/12\/phoca_thumb_s_catalua15hugo-323-aa5.jpg\" alt=\"\" width=\"100\" height=\"66\" border=\"0\" \/><\/a><\/td>\n<td rowspan=\"2\" align=\"center\" width=\"1%\">\u00a0<\/td>\n<td align=\"center\" bgcolor=\"#666666\" width=\"8%\"><span style=\"color: #ffffff;\">FOTO<\/span><\/td>\n<td style=\"text-align: center; background-color: #f3f3ef;\" rowspan=\"2\" width=\"40%\"><a href=\"https:\/\/www.faltabancuatrogotas.com\/nwf4g\/wp-content\/uploads\/2015\/12\/phoca_thumb_l_catalua15hugo-401-2f8.jpg\"><img loading=\"lazy\" decoding=\"async\" class=\" size-full wp-image-179\" src=\"https:\/\/www.faltabancuatrogotas.com\/nwf4g\/wp-content\/uploads\/2015\/12\/phoca_thumb_s_catalua15hugo-401-58f.jpg\" alt=\"\" width=\"100\" height=\"66\" border=\"0\" \/><\/a><\/td>\n<\/tr>\n<tr>\n<td align=\"center\" bgcolor=\"#666666\" width=\"9%\"><span style=\"color: #f3f3ef;\">Hugo<\/span><\/td>\n<td align=\"center\" bgcolor=\"#666666\" width=\"8%\"><span style=\"color: #f3f3ef;\">Hugo<\/span><\/td>\n<\/tr>\n<tr>\n<td style=\"text-align: center; vertical-align: middle;\" colspan=\"2\" align=\"center\" bgcolor=\"#003399\" width=\"32%\"><span style=\"color: #ffffff; font-family: Calibri;\">Ya podemos decir que hemos visto a Vatanen correr. Puede que no fuese el mismo, \u00a0pero hac\u00eda de este Fiesta el m\u00e1s guapo de todos\u00a0<\/span><\/td>\n<td align=\"center\" width=\"1%\">\u00a0<\/td>\n<td style=\"text-align: center; vertical-align: middle;\" colspan=\"2\" align=\"center\" bgcolor=\"#003399\" width=\"33%\"><span style=\"color: #ffffff; font-family: Calibri;\">Ganador de WRC2 fue Pontus Tideman, dif\u00edcil de distinguir de entre sus compa\u00f1eros por la decoraci\u00f3n, pero marcando la diferencia frente al crono.<\/span><\/td>\n<\/tr>\n<\/tbody>\n<\/table>\n<p align=\"center\">\u00a0<\/p>\n<table id=\"AutoNumber1\" class=\"MsoNormalTable\" style=\"width: 100%; border-collapse: collapse;\" border=\"1\" width=\"100%\" cellspacing=\"0\" cellpadding=\"0\">\n<tbody>\n<tr>\n<td align=\"center\" bgcolor=\"#666666\" width=\"9%\"><span style=\"color: #f3f3ef;\">FOTO<\/span><\/td>\n<td style=\"text-align: center; background-color: #f3f3ef;\" rowspan=\"2\" width=\"40%\"><a href=\"https:\/\/www.faltabancuatrogotas.com\/nwf4g\/wp-content\/uploads\/2015\/12\/phoca_thumb_l_img_5166-f9b.jpg\"><img loading=\"lazy\" decoding=\"async\" class=\" size-full wp-image-181\" src=\"https:\/\/www.faltabancuatrogotas.com\/nwf4g\/wp-content\/uploads\/2015\/12\/phoca_thumb_s_img_5166-c99.jpg\" alt=\"\" width=\"100\" height=\"66\" border=\"0\" \/><\/a><\/td>\n<td rowspan=\"2\" align=\"center\" width=\"1%\">\u00a0<\/td>\n<td align=\"center\" bgcolor=\"#666666\" width=\"8%\"><span style=\"color: #ffffff;\">FOTO<\/span><\/td>\n<td style=\"text-align: center; background-color: #f3f3ef;\" rowspan=\"2\" width=\"40%\"><a href=\"https:\/\/www.faltabancuatrogotas.com\/nwf4g\/wp-content\/uploads\/2015\/12\/phoca_thumb_l_img_5358-578.jpg\"><img loading=\"lazy\" decoding=\"async\" class=\" size-full wp-image-183\" src=\"https:\/\/www.faltabancuatrogotas.com\/nwf4g\/wp-content\/uploads\/2015\/12\/phoca_thumb_s_img_5358-67a.jpg\" alt=\"\" width=\"100\" height=\"66\" border=\"0\" \/><\/a><\/td>\n<\/tr>\n<tr>\n<td align=\"center\" bgcolor=\"#666666\" width=\"9%\">\n<p><span style=\"color: #f3f3ef;\">Daviz<\/span><\/p>\n<\/td>\n<td align=\"center\" bgcolor=\"#666666\" width=\"8%\"><span style=\"color: #f3f3ef;\">Daviz<\/span><\/td>\n<\/tr>\n<tr>\n<td style=\"text-align: center; vertical-align: middle;\" colspan=\"2\" align=\"center\" bgcolor=\"#003399\" width=\"32%\"><span style=\"color: #ffffff; font-family: Calibri;\">Buscando diferentes perspectivas para hacer una foto, a veces acabamos en lugares inh\u00f3spitos.\u00a0<\/span><\/td>\n<td align=\"center\" width=\"1%\">\u00a0<\/td>\n<td style=\"text-align: center; vertical-align: middle;\" colspan=\"2\" align=\"center\" bgcolor=\"#003399\" width=\"33%\"><span style=\"color: #ffffff; font-family: Calibri;\">Como es m\u00e1s que normal en los tiempos que corren, las redes sociales siempre grandes protagonistas de cualquier evento. En el Rally de Catalu\u00f1a un coche se mov\u00eda por los tramos entre pasadas haciendo fotos que luego compartieron en las redes.<\/span><\/td>\n<\/tr>\n<\/tbody>\n<\/table>\n<p align=\"center\">\u00a0\u00a0<\/p>\n<table id=\"AutoNumber1\" class=\"MsoNormalTable\" style=\"width: 100%; border-collapse: collapse;\" border=\"1\" width=\"100%\" cellspacing=\"0\" cellpadding=\"0\">\n<tbody>\n<tr>\n<td align=\"center\" bgcolor=\"#666666\" width=\"9%\"><span style=\"color: #f3f3ef;\">FOTO<\/span><\/td>\n<td style=\"text-align: center; background-color: #f3f3ef;\" rowspan=\"2\" width=\"40%\"><a href=\"https:\/\/www.faltabancuatrogotas.com\/nwf4g\/wp-content\/uploads\/2015\/12\/phoca_thumb_l_img_5415-f12.jpg\"><img loading=\"lazy\" decoding=\"async\" class=\" size-full wp-image-185\" src=\"https:\/\/www.faltabancuatrogotas.com\/nwf4g\/wp-content\/uploads\/2015\/12\/phoca_thumb_s_img_5415-c10.jpg\" alt=\"\" width=\"100\" height=\"66\" border=\"0\" \/><\/a><\/td>\n<td rowspan=\"2\" align=\"center\" width=\"1%\">\u00a0<\/td>\n<td align=\"center\" bgcolor=\"#666666\" width=\"8%\"><span style=\"color: #ffffff;\">FOTOS<\/span><\/td>\n<td style=\"text-align: center; background-color: #f3f3ef;\" rowspan=\"2\" width=\"40%\"><a href=\"https:\/\/www.faltabancuatrogotas.com\/nwf4g\/wp-content\/uploads\/2015\/12\/phoca_thumb_l_img_5265-8ff.jpg\"><img loading=\"lazy\" decoding=\"async\" class=\" size-full wp-image-187\" src=\"https:\/\/www.faltabancuatrogotas.com\/nwf4g\/wp-content\/uploads\/2015\/12\/phoca_thumb_s_img_5265-bfd.jpg\" alt=\"\" width=\"100\" height=\"66\" border=\"0\" \/><\/a>\u00a0\u00a0<a style=\"color: #0000cc; text-decoration: underline; line-height: 15.808px;\" href=\"https:\/\/www.faltabancuatrogotas.com\/nwf4g\/wp-content\/uploads\/2015\/12\/phoca_thumb_l_img_5490-d59.jpg\"><img loading=\"lazy\" decoding=\"async\" class=\" size-full wp-image-189\" src=\"https:\/\/www.faltabancuatrogotas.com\/nwf4g\/wp-content\/uploads\/2015\/12\/phoca_thumb_s_img_5490-e5b.jpg\" alt=\"\" width=\"100\" height=\"66\" border=\"0\" \/><\/a><\/td>\n<\/tr>\n<tr>\n<td align=\"center\" bgcolor=\"#666666\" width=\"9%\"><span style=\"color: #f3f3ef;\">Daviz<\/span><\/td>\n<td align=\"center\" bgcolor=\"#666666\" width=\"8%\"><span style=\"color: #f3f3ef;\">Daviz<\/span><\/td>\n<\/tr>\n<tr>\n<td style=\"text-align: center; vertical-align: middle;\" colspan=\"2\" align=\"center\" bgcolor=\"#003399\" width=\"32%\"><span style=\"color: #ffffff; font-family: Calibri;\">Prokop, buen ritmo el del checo y bonita la decoraci\u00f3n del Fiesta, que no pasa desapercibida all\u00e1 por donde va.<\/span><\/td>\n<td align=\"center\" width=\"1%\">\u00a0<\/td>\n<td style=\"text-align: center; vertical-align: middle;\" colspan=\"2\" align=\"center\" bgcolor=\"#003399\" width=\"33%\"><span style=\"color: #ffffff; font-family: Calibri;\">Como ocurr\u00eda con los fiesta, los hermanos peque\u00f1os de los DS3 WRC tambi\u00e9n daban el callo demostrando su potencial en la categor\u00eda R2<\/span><\/td>\n<\/tr>\n<\/tbody>\n<\/table>\n<p align=\"center\">\u00a0<\/p>\n<table id=\"AutoNumber1\" class=\"MsoNormalTable\" style=\"width: 100%; border-collapse: collapse;\" border=\"1\" width=\"100%\" cellspacing=\"0\" cellpadding=\"0\">\n<tbody>\n<tr>\n<td align=\"center\" bgcolor=\"#666666\" width=\"9%\"><span style=\"color: #f3f3ef;\">FOTO<\/span><\/td>\n<td style=\"text-align: center; background-color: #f3f3ef;\" rowspan=\"2\" width=\"40%\"><a href=\"https:\/\/www.faltabancuatrogotas.com\/nwf4g\/wp-content\/uploads\/2015\/12\/phoca_thumb_l_img_5571-748.jpg\"><img loading=\"lazy\" decoding=\"async\" class=\" size-full wp-image-191\" src=\"https:\/\/www.faltabancuatrogotas.com\/nwf4g\/wp-content\/uploads\/2015\/12\/phoca_thumb_s_img_5571-44a.jpg\" alt=\"\" width=\"100\" height=\"66\" border=\"0\" \/><\/a><\/td>\n<td rowspan=\"2\" align=\"center\" width=\"1%\">\u00a0<\/td>\n<td align=\"center\" bgcolor=\"#666666\" width=\"8%\"><span style=\"color: #ffffff;\">FOTOS<\/span><\/td>\n<td style=\"text-align: center; background-color: #f3f3ef;\" rowspan=\"2\" width=\"40%\"><a href=\"https:\/\/www.faltabancuatrogotas.com\/nwf4g\/wp-content\/uploads\/2015\/12\/phoca_thumb_l_img_5561-bfd.jpg\"><img loading=\"lazy\" decoding=\"async\" class=\" size-full wp-image-193\" src=\"https:\/\/www.faltabancuatrogotas.com\/nwf4g\/wp-content\/uploads\/2015\/12\/phoca_thumb_s_img_5561-8ff.jpg\" alt=\"\" width=\"100\" height=\"66\" border=\"0\" \/><\/a>\u00a0 \u00a0 \u00a0<a style=\"color: #0000cc; text-decoration: underline; line-height: 15.808px;\" href=\"https:\/\/www.faltabancuatrogotas.com\/nwf4g\/wp-content\/uploads\/2015\/12\/phoca_thumb_l_img_5565-4a5.jpg\"><img loading=\"lazy\" decoding=\"async\" class=\" size-full wp-image-195\" src=\"https:\/\/www.faltabancuatrogotas.com\/nwf4g\/wp-content\/uploads\/2015\/12\/phoca_thumb_s_img_5565-7a7.jpg\" alt=\"\" width=\"100\" height=\"66\" border=\"0\" \/><\/a><\/td>\n<\/tr>\n<tr>\n<td align=\"center\" bgcolor=\"#666666\" width=\"9%\"><span style=\"color: #f3f3ef;\">Daviz<\/span><\/td>\n<td align=\"center\" bgcolor=\"#666666\" width=\"8%\"><span style=\"color: #f3f3ef;\">Daviz<\/span><\/td>\n<\/tr>\n<tr>\n<td style=\"text-align: center; vertical-align: middle;\" colspan=\"2\" align=\"center\" bgcolor=\"#003399\" width=\"32%\"><span style=\"color: #ffffff; font-family: Calibri;\">Una de las pruebas de lo serio de la entrada de Hyundai en el WRC es el impresionante \u00abedificio\u00bb de asistencias que montan.\u00a0<\/span><\/td>\n<td align=\"center\" width=\"1%\">\u00a0<\/td>\n<td style=\"text-align: center; vertical-align: middle;\" colspan=\"2\" align=\"center\" bgcolor=\"#003399\" width=\"33%\"><span style=\"color: #ffffff; font-family: Calibri;\">Pero Volkswagen no le va a la zaga, el gigante alem\u00e1n tambi\u00e9n tiene lo suyo, no s\u00f3lo en lo estrictamente necesario como asistencia, sino tambi\u00e9n en la diversi\u00f3n de los espectadores que curiose\u00e1bamos por alli al final de la jornada del s\u00e1bado.<\/span><\/td>\n<\/tr>\n<\/tbody>\n<\/table>\n<p>\u00a0<\/p>\n<table id=\"AutoNumber1\" class=\"MsoNormalTable\" style=\"width: 100%; border-collapse: collapse;\" border=\"1\" width=\"100%\" cellspacing=\"0\" cellpadding=\"0\">\n<tbody>\n<tr>\n<td align=\"center\" bgcolor=\"#666666\" width=\"9%\"><span style=\"color: #f3f3ef;\">FOTO<\/span><\/td>\n<td style=\"text-align: center; background-color: #f3f3ef;\" rowspan=\"2\" width=\"40%\"><a href=\"https:\/\/www.faltabancuatrogotas.com\/nwf4g\/wp-content\/uploads\/2015\/12\/phoca_thumb_l_img_5576-c6a.jpg\"><img loading=\"lazy\" decoding=\"async\" class=\" size-full wp-image-197\" src=\"https:\/\/www.faltabancuatrogotas.com\/nwf4g\/wp-content\/uploads\/2015\/12\/phoca_thumb_s_img_5576-f68.jpg\" alt=\"\" width=\"100\" height=\"66\" border=\"0\" \/><\/a><\/td>\n<td rowspan=\"2\" align=\"center\" width=\"1%\">\u00a0<\/td>\n<td align=\"center\" bgcolor=\"#666666\" width=\"8%\"><span style=\"color: #ffffff;\">FOTO<\/span><\/td>\n<td style=\"text-align: center; background-color: #f3f3ef;\" rowspan=\"2\" width=\"40%\"><a href=\"https:\/\/www.faltabancuatrogotas.com\/nwf4g\/wp-content\/uploads\/2015\/12\/phoca_thumb_l_img_5578-799.jpg\"><img loading=\"lazy\" decoding=\"async\" class=\" size-full wp-image-199\" src=\"https:\/\/www.faltabancuatrogotas.com\/nwf4g\/wp-content\/uploads\/2015\/12\/phoca_thumb_s_img_5578-49b.jpg\" alt=\"\" width=\"100\" height=\"66\" border=\"0\" \/><\/a>\u00a0<\/td>\n<\/tr>\n<tr>\n<td align=\"center\" bgcolor=\"#666666\" width=\"9%\"><span style=\"color: #f3f3ef;\">Daviz<\/span><\/td>\n<td align=\"center\" bgcolor=\"#666666\" width=\"8%\"><span style=\"color: #f3f3ef;\">Daviz<\/span><\/td>\n<\/tr>\n<tr>\n<td style=\"text-align: center; vertical-align: middle;\" colspan=\"2\" align=\"center\" bgcolor=\"#003399\" width=\"32%\"><span style=\"color: #ffffff; font-family: Calibri;\">Mientras los dem\u00e1s marujeabamos, algunos coches ya estaban en las asistencias y los mec\u00e1nicos trabajaban en ellas \u00a0para dejar el coche perfecto para el d\u00eda siguiente.<\/span><\/td>\n<td align=\"center\" width=\"1%\">\u00a0<\/td>\n<td style=\"text-align: center; vertical-align: middle;\" colspan=\"2\" align=\"center\" bgcolor=\"#003399\" width=\"33%\"><span style=\"color: #ffffff; font-family: Calibri;\">Dani Sordo: Protagonista indiscutible, en cuanto al p\u00fablico espa\u00f1ol se refiere, sali\u00f3 unos momentos a saludar a los que por all\u00ed est\u00e1bamos.\u00a0<\/span><\/td>\n<\/tr>\n<\/tbody>\n<\/table>\n<p>\u00a0<\/p>\n<table id=\"AutoNumber1\" class=\"MsoNormalTable\" style=\"width: 100%; border-collapse: collapse;\" border=\"1\" width=\"100%\" cellspacing=\"0\" cellpadding=\"0\">\n<tbody>\n<tr>\n<td align=\"center\" bgcolor=\"#666666\" width=\"9%\"><span style=\"color: #f3f3ef;\">FOTO<\/span><\/td>\n<td style=\"text-align: center; background-color: #f3f3ef;\" rowspan=\"2\" width=\"40%\"><a href=\"https:\/\/www.faltabancuatrogotas.com\/nwf4g\/wp-content\/uploads\/2015\/12\/phoca_thumb_l_img_5581-85d.jpg\"><img loading=\"lazy\" decoding=\"async\" class=\" size-full wp-image-201\" src=\"https:\/\/www.faltabancuatrogotas.com\/nwf4g\/wp-content\/uploads\/2015\/12\/phoca_thumb_s_img_5581-b5f.jpg\" alt=\"\" width=\"100\" height=\"66\" border=\"0\" \/><\/a><\/td>\n<td rowspan=\"2\" align=\"center\" width=\"1%\">\u00a0<\/td>\n<td align=\"center\" bgcolor=\"#666666\" width=\"8%\"><span style=\"color: #ffffff;\">FOTO<\/span><\/td>\n<td style=\"text-align: center; background-color: #f3f3ef;\" rowspan=\"2\" width=\"40%\"><a href=\"https:\/\/www.faltabancuatrogotas.com\/nwf4g\/wp-content\/uploads\/2015\/12\/phoca_thumb_l_img_5586-37f.jpg\"><img loading=\"lazy\" decoding=\"async\" class=\" size-full wp-image-203\" src=\"https:\/\/www.faltabancuatrogotas.com\/nwf4g\/wp-content\/uploads\/2015\/12\/phoca_thumb_s_img_5586-07d.jpg\" alt=\"\" width=\"100\" height=\"66\" border=\"0\" \/><\/a>\u00a0<\/td>\n<\/tr>\n<tr>\n<td align=\"center\" bgcolor=\"#666666\" width=\"9%\"><span style=\"color: #f3f3ef;\">Daviz<\/span><\/td>\n<td align=\"center\" bgcolor=\"#666666\" width=\"8%\"><span style=\"color: #f3f3ef;\">Daviz<\/span><\/td>\n<\/tr>\n<tr>\n<td style=\"text-align: center; vertical-align: middle;\" colspan=\"2\" align=\"center\" bgcolor=\"#003399\" width=\"32%\"><span style=\"color: #ffffff; font-family: Calibri;\">Para acercarnos un poquito a \u00ablos de verdad\u00bb, en el stand de Hyudai pudimos retratarnos con una r\u00e9plica de uno de los coches de la marca coreana.\u00a0<\/span><\/td>\n<td align=\"center\" width=\"1%\">\u00a0<\/td>\n<td style=\"text-align: center; vertical-align: middle;\" colspan=\"2\" align=\"center\" bgcolor=\"#003399\" width=\"33%\"><span style=\"color: #ffffff; font-family: Calibri;\">Pero entre tanto glamour, tantas asistencias monstruosas, tanta tencnolog\u00eda y tanto dise\u00f1o&#8230; Este mec\u00e1nico nos demostr\u00f3 que un trozo de chapa, sigue siendo un trozo de chapa y, como tal, si hay que enderezarlo, no hay nada mejor que un buen martillo, unos alicates y mucha paciencia.\u00a0<\/span><\/td>\n<\/tr>\n<\/tbody>\n<\/table>\n<p>\u00a0<\/p>\n<table id=\"AutoNumber1\" class=\"MsoNormalTable\" style=\"width: 100%; border-collapse: collapse;\" border=\"1\" width=\"100%\" cellspacing=\"0\" cellpadding=\"0\">\n<tbody>\n<tr>\n<td align=\"center\" bgcolor=\"#666666\" width=\"9%\"><span style=\"color: #f3f3ef;\">FOTO<\/span><\/td>\n<td style=\"text-align: center; background-color: #f3f3ef;\" rowspan=\"2\" width=\"40%\"><a href=\"https:\/\/www.faltabancuatrogotas.com\/nwf4g\/wp-content\/uploads\/2015\/12\/phoca_thumb_l_img_5588-88c.jpg\"><img loading=\"lazy\" decoding=\"async\" class=\" size-full wp-image-205\" src=\"https:\/\/www.faltabancuatrogotas.com\/nwf4g\/wp-content\/uploads\/2015\/12\/phoca_thumb_s_img_5588-b8e.jpg\" alt=\"\" width=\"100\" height=\"66\" border=\"0\" \/><\/a><\/td>\n<td rowspan=\"2\" align=\"center\" width=\"1%\">\u00a0<\/td>\n<td align=\"center\" bgcolor=\"#666666\" width=\"8%\"><span style=\"color: #ffffff;\">FOTO<\/span><\/td>\n<td style=\"text-align: center; background-color: #f3f3ef;\" rowspan=\"2\" width=\"40%\"><a href=\"https:\/\/www.faltabancuatrogotas.com\/nwf4g\/wp-content\/uploads\/2015\/12\/phoca_thumb_l_img_5593-344.jpg\"><img loading=\"lazy\" decoding=\"async\" class=\" size-full wp-image-207\" src=\"https:\/\/www.faltabancuatrogotas.com\/nwf4g\/wp-content\/uploads\/2015\/12\/phoca_thumb_s_img_5593-046.jpg\" alt=\"\" width=\"100\" height=\"66\" border=\"0\" \/><\/a>\u00a0<\/td>\n<\/tr>\n<tr>\n<td align=\"center\" bgcolor=\"#666666\" width=\"9%\"><span style=\"color: #f3f3ef;\">Daviz<\/span><\/td>\n<td align=\"center\" bgcolor=\"#666666\" width=\"8%\"><span style=\"color: #f3f3ef;\">Daviz<\/span><\/td>\n<\/tr>\n<tr>\n<td style=\"text-align: center; vertical-align: middle;\" colspan=\"2\" align=\"center\" bgcolor=\"#003399\" width=\"32%\">\n<p><span style=\"color: #ffffff; font-family: Calibri;\">Importante tambi\u00e9n el montaje de los Fiestas de la copa en las asistencias, todos \u00abapilados\u00bb. Algunos con m\u00e1s suerte esperando al d\u00eda siguiente y otros, como el tapado, con menos, que tuvieron que abandonar el rally el s\u00e1bado.<\/span><\/p>\n<\/td>\n<td align=\"center\" width=\"1%\">\u00a0<\/td>\n<td style=\"text-align: center; vertical-align: middle;\" colspan=\"2\" align=\"center\" bgcolor=\"#003399\" width=\"33%\"><span style=\"color: #ffffff; font-family: Calibri;\">Y este es el careto que se nos queda despu\u00e9s de haber viajado 900 y 1600 \u00a0kms. respectivamente y de haber pasado m\u00e1s de 12 horas por las tierras catalanas en busca de tramos&#8230; Ah! y pensando que todav\u00eda queda el domingo \ud83d\ude42<\/span><\/td>\n<\/tr>\n<\/tbody>\n<\/table>\n<p>\u00a0\u00a0<\/p>\n<table id=\"AutoNumber1\" class=\"MsoNormalTable\" style=\"width: 100%; border-collapse: collapse;\" border=\"1\" width=\"100%\" cellspacing=\"0\" cellpadding=\"0\">\n<tbody>\n<tr>\n<td align=\"center\" bgcolor=\"#666666\" width=\"9%\"><span style=\"color: #f3f3ef;\">FOTO<\/span><\/td>\n<td style=\"text-align: center; background-color: #f3f3ef;\" rowspan=\"2\" width=\"40%\"><a href=\"https:\/\/www.faltabancuatrogotas.com\/nwf4g\/wp-content\/uploads\/2015\/12\/phoca_thumb_l_img_5596-fca.jpg\"><img loading=\"lazy\" decoding=\"async\" class=\" size-full wp-image-209\" src=\"https:\/\/www.faltabancuatrogotas.com\/nwf4g\/wp-content\/uploads\/2015\/12\/phoca_thumb_s_img_5596-cc8.jpg\" alt=\"\" width=\"100\" height=\"66\" border=\"0\" \/><\/a><\/td>\n<td rowspan=\"2\" align=\"center\" width=\"1%\">\u00a0<\/td>\n<td align=\"center\" bgcolor=\"#666666\" width=\"8%\"><span style=\"color: #ffffff;\">FOTO<\/span><\/td>\n<td style=\"text-align: center; background-color: #f3f3ef;\" rowspan=\"2\" width=\"40%\"><a href=\"https:\/\/www.faltabancuatrogotas.com\/nwf4g\/wp-content\/uploads\/2015\/12\/phoca_thumb_l_img_5686-061.jpg\"><img loading=\"lazy\" decoding=\"async\" class=\" size-full wp-image-211\" src=\"https:\/\/www.faltabancuatrogotas.com\/nwf4g\/wp-content\/uploads\/2015\/12\/phoca_thumb_s_img_5686-363.jpg\" alt=\"\" width=\"100\" height=\"66\" border=\"0\" \/><\/a>\u00a0<\/td>\n<\/tr>\n<tr>\n<td align=\"center\" bgcolor=\"#666666\" width=\"9%\"><span style=\"color: #f3f3ef;\">Daviz<\/span><\/td>\n<td align=\"center\" bgcolor=\"#666666\" width=\"8%\"><span style=\"color: #f3f3ef;\">Daviz<\/span><\/td>\n<\/tr>\n<tr>\n<td style=\"text-align: center; vertical-align: middle;\" colspan=\"2\" align=\"center\" bgcolor=\"#003399\" width=\"32%\"><span style=\"color: #ffffff; font-family: Calibri;\">La rotonda era el \u00faltimo escollo para finalizar el tramo, justo antes de meta y los fot\u00f3grafos pon\u00edan todo su empe\u00f1o para retratarla de la mejor forma posible.<\/span><\/td>\n<td align=\"center\" width=\"1%\">\u00a0<\/td>\n<td style=\"text-align: center; vertical-align: middle;\" colspan=\"2\" align=\"center\" bgcolor=\"#003399\" width=\"33%\"><span style=\"color: #ffffff; font-family: Calibri;\">Una forma distinta de ver los WRC, porqu\u00e9 no decirlo, espectacular tambi\u00e9n, derrapando en la glorieta.\u00a0<\/span><\/td>\n<\/tr>\n<\/tbody>\n<\/table>\n<p>\u00a0<\/p>\n<table id=\"AutoNumber1\" class=\"MsoNormalTable\" style=\"width: 100%; border-collapse: collapse;\" border=\"1\" width=\"100%\" cellspacing=\"0\" cellpadding=\"0\">\n<tbody>\n<tr>\n<td align=\"center\" bgcolor=\"#666666\" width=\"9%\"><span style=\"color: #f3f3ef;\">FOTO<\/span><\/td>\n<td style=\"text-align: center; background-color: #f3f3ef;\" rowspan=\"2\" width=\"40%\"><a href=\"https:\/\/www.faltabancuatrogotas.com\/nwf4g\/wp-content\/uploads\/2015\/12\/phoca_thumb_l_img_5707-715.jpg\"><img loading=\"lazy\" decoding=\"async\" class=\" size-full wp-image-213\" src=\"https:\/\/www.faltabancuatrogotas.com\/nwf4g\/wp-content\/uploads\/2015\/12\/phoca_thumb_s_img_5707-417.jpg\" alt=\"\" width=\"100\" height=\"66\" \/><\/a><\/td>\n<td rowspan=\"2\" align=\"center\" width=\"1%\">\u00a0<\/td>\n<td align=\"center\" bgcolor=\"#666666\" width=\"8%\"><span style=\"color: #ffffff;\">FOTO<\/span><\/td>\n<td style=\"text-align: center; background-color: #f3f3ef;\" rowspan=\"2\" width=\"40%\"><a href=\"https:\/\/www.faltabancuatrogotas.com\/nwf4g\/wp-content\/uploads\/2015\/12\/phoca_thumb_l_img_5875-e0d.jpg\"><img loading=\"lazy\" decoding=\"async\" class=\" size-full wp-image-215\" src=\"https:\/\/www.faltabancuatrogotas.com\/nwf4g\/wp-content\/uploads\/2015\/12\/phoca_thumb_s_img_5875-d0f.jpg\" alt=\"\" width=\"100\" height=\"66\" border=\"0\" \/><\/a>\u00a0<\/td>\n<\/tr>\n<tr>\n<td align=\"center\" bgcolor=\"#666666\" width=\"9%\"><span style=\"color: #f3f3ef;\">Daviz<\/span><\/td>\n<td align=\"center\" bgcolor=\"#666666\" width=\"8%\"><span style=\"color: #f3f3ef;\">Daviz<\/span><\/td>\n<\/tr>\n<tr>\n<td style=\"text-align: center; vertical-align: middle;\" colspan=\"2\" align=\"center\" valign=\"middle\" bgcolor=\"#003399\" width=\"32%\"><span style=\"color: #ffffff; font-family: Calibri;\">A mil\u00edmetros, sin perder ni un cent\u00edmetro pasaban los Volkswagen la rotonda.\u00a0<\/span><\/td>\n<td align=\"center\" width=\"1%\">\u00a0<\/td>\n<td style=\"text-align: center; vertical-align: middle;\" colspan=\"2\" align=\"center\" bgcolor=\"#003399\" width=\"33%\"><span style=\"color: #ffffff; font-family: Calibri;\">Cuando antes habl\u00e1bamos de Solans, no era en vano, aunque la foto es lejana y regulera por tanta farola, nos atrever\u00edamos a decir que Nil fue el \u00fanico que hizo la rotonda de esta manera. Rapid\u00edsimo y espectacular, sin lugar a dudas uno de los descubrimientos positivos de este Catalu\u00f1a para nosotros.<\/span><\/td>\n<\/tr>\n<\/tbody>\n<\/table>\n<p>\u00a0<\/p>\n<table id=\"AutoNumber1\" class=\"MsoNormalTable\" style=\"width: 100%; border-collapse: collapse;\" border=\"1\" width=\"100%\" cellspacing=\"0\" cellpadding=\"0\">\n<tbody>\n<tr>\n<td align=\"center\" bgcolor=\"#666666\" width=\"9%\"><span style=\"color: #f3f3ef;\">FOTO<\/span><\/td>\n<td style=\"text-align: center; background-color: #f3f3ef;\" rowspan=\"2\" width=\"40%\"><a href=\"https:\/\/www.faltabancuatrogotas.com\/nwf4g\/wp-content\/uploads\/2015\/12\/phoca_thumb_l_catalua15hugo-417-6b9.jpg\"><img loading=\"lazy\" decoding=\"async\" class=\" size-full wp-image-217\" src=\"https:\/\/www.faltabancuatrogotas.com\/nwf4g\/wp-content\/uploads\/2015\/12\/phoca_thumb_s_catalua15hugo-417-1ce.jpg\" alt=\"\" width=\"100\" height=\"66\" border=\"0\" \/><\/a><\/td>\n<td rowspan=\"2\" align=\"center\" width=\"1%\">\u00a0<\/td>\n<td align=\"center\" bgcolor=\"#666666\" width=\"8%\"><span style=\"color: #ffffff;\">FOTO<\/span><\/td>\n<td style=\"text-align: center; background-color: #f3f3ef;\" rowspan=\"2\" width=\"40%\"><a href=\"https:\/\/www.faltabancuatrogotas.com\/nwf4g\/wp-content\/uploads\/2015\/12\/phoca_thumb_l_catalua15hugo-442-f3b.jpg\"><img loading=\"lazy\" decoding=\"async\" class=\" size-full wp-image-219\" src=\"https:\/\/www.faltabancuatrogotas.com\/nwf4g\/wp-content\/uploads\/2015\/12\/phoca_thumb_s_catalua15hugo-442-84c.jpg\" alt=\"\" width=\"100\" height=\"66\" border=\"0\" \/><\/a><\/td>\n<\/tr>\n<tr>\n<td align=\"center\" bgcolor=\"#666666\" width=\"9%\"><span style=\"color: #f3f3ef;\">Hugo<\/span><\/td>\n<td align=\"center\" bgcolor=\"#666666\" width=\"8%\"><span style=\"color: #f3f3ef;\">Hugo<\/span><\/td>\n<\/tr>\n<tr>\n<td style=\"text-align: center; vertical-align: middle;\" colspan=\"2\" align=\"center\" bgcolor=\"#003399\" width=\"32%\"><span style=\"color: #ffffff; font-family: Calibri;\">R\u00e1pido con el Fiesta, Protasov hizo su carrera y a pesar de no marcar tiempos espectaculares, no desenton\u00f3 a la vista.\u00a0<\/span><\/td>\n<td align=\"center\" width=\"1%\">\u00a0<\/td>\n<td style=\"text-align: center; vertical-align: middle;\" colspan=\"2\" align=\"center\" bgcolor=\"#003399\" width=\"33%\"><span style=\"color: #ffffff; font-family: Calibri;\">Con el orden de salida invertido, de los primeros en aparecer el domingo era Prokop, que con su preciosa decoraci\u00f3n llamaba la atenci\u00f3n al igual que por su manera de negociar la rotonda de meta.\u00a0<\/span><\/td>\n<\/tr>\n<\/tbody>\n<\/table>\n<p>\u00a0<\/p>\n<table id=\"AutoNumber1\" class=\"MsoNormalTable\" style=\"width: 100%; border-collapse: collapse;\" border=\"1\" width=\"100%\" cellspacing=\"0\" cellpadding=\"0\">\n<tbody>\n<tr>\n<td align=\"center\" bgcolor=\"#666666\" width=\"9%\"><span style=\"color: #f3f3ef;\">FOTO<\/span><\/td>\n<td style=\"text-align: center; background-color: #f3f3ef;\" rowspan=\"2\" width=\"40%\"><a href=\"https:\/\/www.faltabancuatrogotas.com\/nwf4g\/wp-content\/uploads\/2015\/12\/phoca_thumb_l_img_6134-5d3.jpg\"><img loading=\"lazy\" decoding=\"async\" class=\" size-full wp-image-221\" src=\"https:\/\/www.faltabancuatrogotas.com\/nwf4g\/wp-content\/uploads\/2015\/12\/phoca_thumb_s_img_6134-6d1.jpg\" alt=\"\" width=\"100\" height=\"66\" border=\"0\" \/><\/a><\/td>\n<td rowspan=\"2\" align=\"center\" width=\"1%\">\u00a0<\/td>\n<td align=\"center\" bgcolor=\"#666666\" width=\"8%\"><span style=\"color: #ffffff;\">FOTO<\/span><\/td>\n<td style=\"text-align: center; background-color: #f3f3ef;\" rowspan=\"2\" width=\"40%\"><a href=\"https:\/\/www.faltabancuatrogotas.com\/nwf4g\/wp-content\/uploads\/2015\/12\/phoca_thumb_l_img_6157-ccc.jpg\"><img loading=\"lazy\" decoding=\"async\" class=\" size-full wp-image-223\" src=\"https:\/\/www.faltabancuatrogotas.com\/nwf4g\/wp-content\/uploads\/2015\/12\/phoca_thumb_s_img_6157-fce.jpg\" alt=\"\" width=\"100\" height=\"66\" border=\"0\" \/><\/a>\u00a0<\/td>\n<\/tr>\n<tr>\n<td align=\"center\" bgcolor=\"#666666\" width=\"9%\"><span style=\"color: #f3f3ef;\">Daviz<\/span><\/td>\n<td align=\"center\" bgcolor=\"#666666\" width=\"8%\"><span style=\"color: #f3f3ef;\">Daviz<\/span><\/td>\n<\/tr>\n<tr>\n<td style=\"text-align: center; vertical-align: middle;\" colspan=\"2\" align=\"center\" bgcolor=\"#003399\" width=\"32%\"><span style=\"color: #ffffff; font-family: Calibri;\">Una de las cosas curiosas que siempre pasan en cualquier rallye son los \u00ablistos\u00bb. Despu\u00e9s de que la mayor\u00eda nos pasamos horas aparcando, caminando, esperando&#8230; algunos llegan en el \u00faltimo momento e intentan aparcar en la \u00abpuerta\u00bb. Esta vez el Karma y los Mossos, pusieron las cosas en su sitio.<\/span><\/td>\n<td align=\"center\" width=\"1%\">\u00a0<\/td>\n<td style=\"text-align: center; vertical-align: middle;\" colspan=\"2\" align=\"center\" bgcolor=\"#003399\" width=\"33%\"><span style=\"color: #ffffff; font-family: Calibri;\">Punto de vista: la rotonda era uno de los puntos de m\u00e1s p\u00fablico en el tramo y todos quer\u00edamos inmortalizarlo, ya sea con nuestra c\u00e1mara, ya sea con el m\u00f3vil.<\/span><\/td>\n<\/tr>\n<\/tbody>\n<\/table>\n<p>\u00a0<\/p>\n<table id=\"AutoNumber1\" class=\"MsoNormalTable\" style=\"width: 100%; border-collapse: collapse;\" border=\"1\" width=\"100%\" cellspacing=\"0\" cellpadding=\"0\">\n<tbody>\n<tr>\n<td align=\"center\" bgcolor=\"#666666\" width=\"9%\"><span style=\"color: #f3f3ef;\">FOTOS<\/span><\/td>\n<td style=\"text-align: center; background-color: #f3f3ef;\" rowspan=\"2\" width=\"40%\"><a href=\"https:\/\/www.faltabancuatrogotas.com\/nwf4g\/wp-content\/uploads\/2015\/12\/phoca_thumb_l_catalua15hugo-477-bdc.jpg\"><img loading=\"lazy\" decoding=\"async\" class=\" size-full wp-image-225\" src=\"https:\/\/www.faltabancuatrogotas.com\/nwf4g\/wp-content\/uploads\/2015\/12\/phoca_thumb_s_catalua15hugo-477-cab.jpg\" alt=\"\" width=\"100\" height=\"66\" border=\"0\" \/><\/a>\u00a0<a style=\"line-height: 15.808px;\" href=\"https:\/\/www.faltabancuatrogotas.com\/nwf4g\/wp-content\/uploads\/2015\/12\/phoca_thumb_l_img_5743-1f4.jpg\"><img loading=\"lazy\" decoding=\"async\" class=\" size-full wp-image-227\" src=\"https:\/\/www.faltabancuatrogotas.com\/nwf4g\/wp-content\/uploads\/2015\/12\/phoca_thumb_s_img_5743-2f6.jpg\" alt=\"\" width=\"100\" height=\"66\" border=\"0\" \/><\/a><\/td>\n<td rowspan=\"2\" align=\"center\" width=\"1%\">\u00a0<\/td>\n<td align=\"center\" bgcolor=\"#666666\" width=\"8%\"><span style=\"color: #ffffff;\">FOTO<\/span><\/td>\n<td style=\"text-align: center; background-color: #f3f3ef;\" rowspan=\"2\" width=\"40%\"><a href=\"https:\/\/www.faltabancuatrogotas.com\/nwf4g\/wp-content\/uploads\/2015\/12\/phoca_thumb_l_catalua15hugo-488-cec.jpg\"><img loading=\"lazy\" decoding=\"async\" class=\" size-full wp-image-229\" src=\"https:\/\/www.faltabancuatrogotas.com\/nwf4g\/wp-content\/uploads\/2015\/12\/phoca_thumb_s_catalua15hugo-488-b9b.jpg\" alt=\"\" width=\"100\" height=\"66\" border=\"0\" \/><\/a><\/td>\n<\/tr>\n<tr>\n<td align=\"center\" bgcolor=\"#666666\" width=\"9%\"><span style=\"color: #f3f3ef;\">Hugo\/Daviz<\/span><\/td>\n<td align=\"center\" bgcolor=\"#666666\" width=\"8%\"><span style=\"color: #f3f3ef;\">Hugo<\/span><\/td>\n<\/tr>\n<tr>\n<td style=\"text-align: center; vertical-align: middle;\" colspan=\"2\" align=\"center\" bgcolor=\"#003399\" width=\"32%\"><span style=\"color: #ffffff; font-family: Calibri;\">\u00abAmarrategui\u00bb y conservador. As\u00ed enfoc\u00f3 Kopecky la rotonda final. No quieres cometer fallo, hazlo como \u00e9l. Quieres aplausos, modo Nasser. El checo fue segundo en WRC2.<\/span><\/td>\n<td align=\"center\" width=\"1%\">\u00a0<\/td>\n<td style=\"text-align: center; vertical-align: middle;\" colspan=\"2\" align=\"center\" bgcolor=\"#003399\" width=\"33%\"><span style=\"color: #ffffff; font-family: Calibri;\">De los mejores en la rotonda, Protasov lleg\u00f3 con total decisi\u00f3n y el Fiesta se puso a bailar.\u00a0<\/span><\/td>\n<\/tr>\n<\/tbody>\n<\/table>\n<p>\u00a0<\/p>\n<p>\u00a0<\/p>\n<table id=\"AutoNumber1\" class=\"MsoNormalTable\" style=\"width: 100%; border-collapse: collapse;\" border=\"1\" width=\"100%\" cellspacing=\"0\" cellpadding=\"0\">\n<tbody>\n<tr>\n<td align=\"center\" bgcolor=\"#666666\" width=\"9%\"><span style=\"color: #f3f3ef;\">FOTO<\/span><\/td>\n<td style=\"text-align: center; background-color: #f3f3ef;\" rowspan=\"2\" width=\"40%\"><a href=\"https:\/\/www.faltabancuatrogotas.com\/nwf4g\/wp-content\/uploads\/2015\/12\/phoca_thumb_l_catalua15hugo-504-411.jpg\"><img loading=\"lazy\" decoding=\"async\" class=\" size-full wp-image-231\" src=\"https:\/\/www.faltabancuatrogotas.com\/nwf4g\/wp-content\/uploads\/2015\/12\/phoca_thumb_s_catalua15hugo-504-366.jpg\" alt=\"\" width=\"100\" height=\"66\" border=\"0\" \/><\/a><\/td>\n<td rowspan=\"2\" align=\"center\" width=\"1%\">\u00a0<\/td>\n<td align=\"center\" bgcolor=\"#666666\" width=\"8%\"><span style=\"color: #ffffff;\">FOTO<\/span><\/td>\n<td style=\"text-align: center; background-color: #f3f3ef;\" rowspan=\"2\" width=\"40%\"><a href=\"https:\/\/www.faltabancuatrogotas.com\/nwf4g\/wp-content\/uploads\/2015\/12\/phoca_thumb_l_catalua15hugo-598-a3e.jpg\"><img loading=\"lazy\" decoding=\"async\" class=\" size-full wp-image-233\" src=\"https:\/\/www.faltabancuatrogotas.com\/nwf4g\/wp-content\/uploads\/2015\/12\/phoca_thumb_s_catalua15hugo-598-d49.jpg\" alt=\"\" width=\"100\" height=\"66\" border=\"0\" \/><\/a><\/td>\n<\/tr>\n<tr>\n<td align=\"center\" bgcolor=\"#666666\" width=\"9%\"><span style=\"color: #f3f3ef;\">Hugo<\/span><\/td>\n<td align=\"center\" bgcolor=\"#666666\" width=\"8%\"><span style=\"color: #f3f3ef;\">Hugo<\/span><\/td>\n<\/tr>\n<tr>\n<td style=\"text-align: center; vertical-align: middle;\" colspan=\"2\" align=\"center\" bgcolor=\"#003399\" width=\"32%\"><span style=\"color: #ffffff; font-family: Calibri;\">Nos llam\u00f3 la atenci\u00f3n comprobar que la gente achacaba el espect\u00e1culo en la rotonda a la falta de caballos en vez de al tren tractor. Este es Tempestini, que \u00a0no gust\u00f3 y junto al que tuvimos el placer de comer, aunque realmente no le reconocimos.<\/span><\/td>\n<td align=\"center\" width=\"1%\">\u00a0<\/td>\n<td style=\"text-align: center; vertical-align: middle;\" colspan=\"2\" align=\"center\" bgcolor=\"#003399\" width=\"33%\"><span style=\"color: #ffffff; font-family: Calibri;\">Como tardamos en salir del tramo, no llegamos a Salou con tiempo para ver la entrega de los ganadores, \u00a0as\u00ed que el \u00fanico champ\u00e1n que vimos fue el que descorch\u00f3 el equipo de este Swift superviviente, cuando se vieron sanos y salvos en el parque final.<\/span><\/td>\n<\/tr>\n<\/tbody>\n<\/table>\n<p>\u00a0\u00a0<\/p>\n<table id=\"AutoNumber1\" class=\"MsoNormalTable\" style=\"width: 100%; border-collapse: collapse;\" border=\"1\" width=\"100%\" cellspacing=\"0\" cellpadding=\"0\">\n<tbody>\n<tr>\n<td align=\"center\" bgcolor=\"#666666\" width=\"9%\"><span style=\"color: #f3f3ef;\">FOTO<\/span><\/td>\n<td style=\"text-align: center; background-color: #f3f3ef;\" rowspan=\"2\" width=\"40%\"><a href=\"https:\/\/www.faltabancuatrogotas.com\/nwf4g\/wp-content\/uploads\/2015\/12\/phoca_thumb_l_catalua15hugo-604-70f.jpg\"><img loading=\"lazy\" decoding=\"async\" class=\" size-full wp-image-235\" src=\"https:\/\/www.faltabancuatrogotas.com\/nwf4g\/wp-content\/uploads\/2015\/12\/phoca_thumb_s_catalua15hugo-604-078.jpg\" alt=\"\" width=\"100\" height=\"66\" border=\"0\" \/><\/a><\/td>\n<td rowspan=\"2\" align=\"center\" width=\"1%\">\u00a0<\/td>\n<td align=\"center\" bgcolor=\"#666666\" width=\"8%\"><span style=\"color: #ffffff;\">FOTO<\/span><\/td>\n<td style=\"text-align: center; background-color: #f3f3ef;\" rowspan=\"2\" width=\"40%\"><a href=\"https:\/\/www.faltabancuatrogotas.com\/nwf4g\/wp-content\/uploads\/2015\/12\/phoca_thumb_l_catalua15hugo-612-34e.jpg\"><img loading=\"lazy\" decoding=\"async\" class=\" size-full wp-image-237\" src=\"https:\/\/www.faltabancuatrogotas.com\/nwf4g\/wp-content\/uploads\/2015\/12\/phoca_thumb_s_catalua15hugo-612-439.jpg\" alt=\"\" width=\"100\" height=\"66\" border=\"0\" \/><\/a><\/td>\n<\/tr>\n<tr>\n<td align=\"center\" bgcolor=\"#666666\" width=\"9%\"><span style=\"color: #f3f3ef;\">Hugo<\/span><\/td>\n<td align=\"center\" bgcolor=\"#666666\" width=\"8%\"><span style=\"color: #f3f3ef;\">Hugo<\/span><\/td>\n<\/tr>\n<tr>\n<td style=\"text-align: center; vertical-align: middle;\" colspan=\"2\" align=\"center\" bgcolor=\"#003399\" width=\"32%\"><span style=\"color: #ffffff; font-family: Calibri;\">Como en todos los sitios donde se aglomera gente, hay de todo: entendidos, extranjeros, porreros que te colocan sin darte cuenta, \u00a0nacionalistas y tambi\u00e9n gente con humor, como el caso de este buen hombre vestido de osito, que pon\u00eda la nota de color a nuestra curva.<\/span><\/td>\n<td align=\"center\" width=\"1%\">\u00a0<\/td>\n<td style=\"text-align: center; vertical-align: middle;\" colspan=\"2\" align=\"center\" bgcolor=\"#003399\" width=\"33%\"><span style=\"color: #ffffff; font-family: Calibri;\">Qu\u00e9 pasa cuando llegas con un trasera a una rotonda llena de gente? \u00a0Pues que pones todo tu empe\u00f1o en agradar, lo que te lleva a derrapar, con mucho y poco di\u00e1metro y, por supuesto, alg\u00fan que otro trompo.<\/span><\/td>\n<\/tr>\n<\/tbody>\n<\/table>\n<p>\u00a0<\/p>\n<table id=\"AutoNumber1\" class=\"MsoNormalTable\" style=\"width: 100%; border-collapse: collapse;\" border=\"1\" width=\"100%\" cellspacing=\"0\" cellpadding=\"0\">\n<tbody>\n<tr>\n<td align=\"center\" bgcolor=\"#666666\" width=\"9%\"><span style=\"color: #f3f3ef;\">FOTO<\/span><\/td>\n<td style=\"text-align: center; background-color: #f3f3ef;\" rowspan=\"2\" width=\"40%\"><a href=\"https:\/\/www.faltabancuatrogotas.com\/nwf4g\/wp-content\/uploads\/2015\/12\/phoca_thumb_l_catalua15hugo-615-86c.jpg\"><img loading=\"lazy\" decoding=\"async\" class=\" size-full wp-image-239\" src=\"https:\/\/www.faltabancuatrogotas.com\/nwf4g\/wp-content\/uploads\/2015\/12\/phoca_thumb_s_catalua15hugo-615-f1b.jpg\" alt=\"\" width=\"100\" height=\"66\" border=\"0\" \/><\/a><\/td>\n<td rowspan=\"2\" align=\"center\" width=\"1%\">\u00a0<\/td>\n<td align=\"center\" bgcolor=\"#666666\" width=\"8%\"><span style=\"color: #ffffff;\">FOTO<\/span><\/td>\n<td style=\"text-align: center; background-color: #f3f3ef;\" rowspan=\"2\" width=\"40%\"><a href=\"https:\/\/www.faltabancuatrogotas.com\/nwf4g\/wp-content\/uploads\/2015\/12\/phoca_thumb_l_catalua15hugo-618-7e5.jpg\"><img loading=\"lazy\" decoding=\"async\" class=\" size-full wp-image-241\" src=\"https:\/\/www.faltabancuatrogotas.com\/nwf4g\/wp-content\/uploads\/2015\/12\/phoca_thumb_s_catalua15hugo-618-092.jpg\" alt=\"\" width=\"100\" height=\"66\" border=\"0\" \/><\/a><\/td>\n<\/tr>\n<tr>\n<td align=\"center\" bgcolor=\"#666666\" width=\"9%\"><span style=\"color: #f3f3ef;\">Hugo<\/span><\/td>\n<td align=\"center\" bgcolor=\"#666666\" width=\"8%\"><span style=\"color: #f3f3ef;\">Hugo<\/span><\/td>\n<\/tr>\n<tr>\n<td style=\"text-align: center; vertical-align: middle;\" colspan=\"2\" align=\"center\" bgcolor=\"#003399\" width=\"32%\"><span style=\"color: #ffffff; font-family: Calibri;\">Todos los ingredientes, trasera, rotonda y gente. As\u00ed que un Sierra Cosworth haciendo ceros era esperable. Entre tanta vuelta, alguno se equivocaba y en vez de salir hacia meta, lo hac\u00eda por la salida anterior. .. como la vida misma.\u00a0<\/span><\/td>\n<td align=\"center\" width=\"1%\">\u00a0<\/td>\n<td style=\"text-align: center; vertical-align: middle;\" colspan=\"2\" align=\"center\" bgcolor=\"#003399\" width=\"33%\"><span style=\"color: #ffffff; font-family: Calibri;\">Saliendo tan juntos, a veces se cog\u00edan y se dejaban adelantar, siendo el colmo la entrada a la rotonda, donde tres a la vez, en alguna ocasi\u00f3n estuvieron cerca de hacer chapa entre ellos.\u00a0<\/span><\/td>\n<\/tr>\n<\/tbody>\n<\/table>\n<p>\u00a0\u00a0<\/p>\n<table id=\"AutoNumber1\" class=\"MsoNormalTable\" style=\"width: 100%; border-collapse: collapse;\" border=\"1\" width=\"100%\" cellspacing=\"0\" cellpadding=\"0\">\n<tbody>\n<tr>\n<td align=\"center\" bgcolor=\"#666666\" width=\"9%\"><span style=\"color: #f3f3ef;\">FOTO<\/span><\/td>\n<td style=\"text-align: center; background-color: #f3f3ef;\" rowspan=\"2\" width=\"40%\"><a href=\"https:\/\/www.faltabancuatrogotas.com\/nwf4g\/wp-content\/uploads\/2015\/12\/phoca_thumb_l_catalua15hugo-625-005.jpg\"><img loading=\"lazy\" decoding=\"async\" class=\" size-full wp-image-243\" src=\"https:\/\/www.faltabancuatrogotas.com\/nwf4g\/wp-content\/uploads\/2015\/12\/phoca_thumb_s_catalua15hugo-625-772.jpg\" alt=\"\" width=\"100\" height=\"66\" border=\"0\" \/><\/a><\/td>\n<td rowspan=\"2\" align=\"center\" width=\"1%\">\u00a0<\/td>\n<td align=\"center\" bgcolor=\"#666666\" width=\"8%\"><span style=\"color: #ffffff;\">FOTO<\/span><\/td>\n<td style=\"text-align: center; background-color: #f3f3ef;\" rowspan=\"2\" width=\"40%\"><a href=\"https:\/\/www.faltabancuatrogotas.com\/nwf4g\/wp-content\/uploads\/2015\/12\/phoca_thumb_l_catalua15hugo-635-cb0.jpg\"><img loading=\"lazy\" decoding=\"async\" class=\" size-full wp-image-245\" src=\"https:\/\/www.faltabancuatrogotas.com\/nwf4g\/wp-content\/uploads\/2015\/12\/phoca_thumb_s_catalua15hugo-635-bc7.jpg\" alt=\"\" width=\"100\" height=\"66\" border=\"0\" \/><\/a><\/td>\n<\/tr>\n<tr>\n<td align=\"center\" bgcolor=\"#666666\" width=\"9%\"><span style=\"color: #f3f3ef;\">Hugo<\/span><\/td>\n<td align=\"center\" bgcolor=\"#666666\" width=\"8%\"><span style=\"color: #f3f3ef;\">Hugo<\/span><\/td>\n<\/tr>\n<tr>\n<td style=\"text-align: center; vertical-align: middle;\" colspan=\"2\" align=\"center\" bgcolor=\"#003399\" width=\"32%\"><span style=\"color: #ffffff; font-family: Calibri;\">Como se ha comentado tantas veces, los turbo 2 son dif\u00edciles de controlar en el derrape, as\u00ed, el piloto de esta belleza sufr\u00eda para ponerlo de lado sin trompo. Apenas lo consigui\u00f3.\u00a0<\/span><\/td>\n<td align=\"center\" width=\"1%\">\u00a0<\/td>\n<td style=\"text-align: center; vertical-align: middle;\" colspan=\"2\" align=\"center\" bgcolor=\"#003399\" width=\"33%\"><span style=\"color: #ffffff; font-family: Calibri;\">Muy blando de suspensiones y algo torpe, el Mercedes de la foto consigui\u00f3 derrapar a base de insistencia de su piloto. En la primera rotonda, de m\u00e1s di\u00e1metro, lo hizo mejor.\u00a0<\/span><\/td>\n<\/tr>\n<\/tbody>\n<\/table>\n<p>\u00a0<\/p>\n<table id=\"AutoNumber1\" class=\"MsoNormalTable\" style=\"width: 100%; border-collapse: collapse;\" border=\"1\" width=\"100%\" cellspacing=\"0\" cellpadding=\"0\">\n<tbody>\n<tr>\n<td align=\"center\" bgcolor=\"#666666\" width=\"9%\"><span style=\"color: #f3f3ef;\">FOTO<\/span><\/td>\n<td style=\"text-align: center; background-color: #f3f3ef;\" rowspan=\"2\" width=\"40%\"><a href=\"https:\/\/www.faltabancuatrogotas.com\/nwf4g\/wp-content\/uploads\/2015\/12\/phoca_thumb_l_catalua15hugo-636-8ca.jpg\"><img loading=\"lazy\" decoding=\"async\" class=\" size-full wp-image-247\" src=\"https:\/\/www.faltabancuatrogotas.com\/nwf4g\/wp-content\/uploads\/2015\/12\/phoca_thumb_s_catalua15hugo-636-fbd.jpg\" alt=\"\" width=\"100\" height=\"66\" border=\"0\" \/><\/a><\/td>\n<td rowspan=\"2\" align=\"center\" width=\"1%\">\u00a0<\/td>\n<td align=\"center\" bgcolor=\"#666666\" width=\"8%\"><span style=\"color: #ffffff;\">FOTO<\/span><\/td>\n<td style=\"text-align: center; background-color: #f3f3ef;\" rowspan=\"2\" width=\"40%\"><a href=\"https:\/\/www.faltabancuatrogotas.com\/nwf4g\/wp-content\/uploads\/2015\/12\/phoca_thumb_l_catalua15hugo-667-e10.jpg\"><img loading=\"lazy\" decoding=\"async\" class=\" size-full wp-image-249\" src=\"https:\/\/www.faltabancuatrogotas.com\/nwf4g\/wp-content\/uploads\/2015\/12\/phoca_thumb_s_catalua15hugo-667-967.jpg\" alt=\"\" width=\"100\" height=\"66\" border=\"0\" \/><\/a><\/td>\n<\/tr>\n<tr>\n<td align=\"center\" bgcolor=\"#666666\" width=\"9%\"><span style=\"color: #f3f3ef;\">Hugo<\/span><\/td>\n<td align=\"center\" bgcolor=\"#666666\" width=\"8%\"><span style=\"color: #f3f3ef;\">Hugo<\/span><\/td>\n<\/tr>\n<tr>\n<td style=\"text-align: center; vertical-align: middle;\" colspan=\"2\" align=\"center\" bgcolor=\"#003399\" width=\"32%\"><span style=\"color: #ffffff; font-family: Calibri;\">Escort MKII a la palestra, sin duda uno de los que m\u00e1s se gust\u00f3, y de los m\u00e1s diestros derrapando. Buena cosa el que se mantenga la tradici\u00f3n de \u00absoltar\u00bb estos coches entre mangas, buen entretenimiento.\u00a0<\/span><\/td>\n<td align=\"center\" width=\"1%\">\u00a0<\/td>\n<td style=\"text-align: center; vertical-align: middle;\" colspan=\"2\" align=\"center\" bgcolor=\"#003399\" width=\"33%\"><span style=\"color: #ffffff; font-family: Calibri;\">Cuando nos situamos en la primera pasada todo parec\u00eda llano y nos llamaba la atenci\u00f3n que muchos pilotos frenaban antes de tiempo. Cuando bajamos a verlo desde el punto de vista del piloto, entendimos todo.<\/span><\/td>\n<\/tr>\n<\/tbody>\n<\/table>\n<p>\u00a0\u00a0<\/p>\n<table id=\"AutoNumber1\" class=\"MsoNormalTable\" style=\"width: 100%; border-collapse: collapse;\" border=\"1\" width=\"100%\" cellspacing=\"0\" cellpadding=\"0\">\n<tbody>\n<tr>\n<td align=\"center\" bgcolor=\"#666666\" width=\"9%\"><span style=\"color: #f3f3ef;\">FOTO<\/span><\/td>\n<td style=\"text-align: center; background-color: #f3f3ef;\" rowspan=\"2\" width=\"40%\"><a href=\"https:\/\/www.faltabancuatrogotas.com\/nwf4g\/wp-content\/uploads\/2015\/12\/phoca_thumb_l_catalua15hugo-683-2e8.jpg\"><img loading=\"lazy\" decoding=\"async\" class=\" size-full wp-image-251\" src=\"https:\/\/www.faltabancuatrogotas.com\/nwf4g\/wp-content\/uploads\/2015\/12\/phoca_thumb_s_catalua15hugo-683-59f.jpg\" alt=\"\" width=\"100\" height=\"66\" border=\"0\" \/><\/a><\/td>\n<td rowspan=\"2\" align=\"center\" width=\"1%\">\u00a0<\/td>\n<td align=\"center\" bgcolor=\"#666666\" width=\"8%\"><span style=\"color: #ffffff;\">FOTO<\/span><\/td>\n<td style=\"text-align: center; background-color: #f3f3ef;\" rowspan=\"2\" width=\"40%\"><a href=\"https:\/\/www.faltabancuatrogotas.com\/nwf4g\/wp-content\/uploads\/2015\/12\/phoca_thumb_l_catalua15hugo-687-db0.jpg\"><img loading=\"lazy\" decoding=\"async\" class=\" size-full wp-image-253\" src=\"https:\/\/www.faltabancuatrogotas.com\/nwf4g\/wp-content\/uploads\/2015\/12\/phoca_thumb_s_catalua15hugo-687-ac7.jpg\" alt=\"\" width=\"100\" height=\"66\" border=\"0\" \/><\/a><\/td>\n<\/tr>\n<tr>\n<td align=\"center\" bgcolor=\"#666666\" width=\"9%\"><span style=\"color: #f3f3ef;\">Hugo<\/span><\/td>\n<td align=\"center\" bgcolor=\"#666666\" width=\"8%\"><span style=\"color: #f3f3ef;\">Hugo<\/span><\/td>\n<\/tr>\n<tr>\n<td style=\"text-align: center; vertical-align: middle;\" colspan=\"2\" align=\"center\" bgcolor=\"#003399\" width=\"32%\"><span style=\"color: #ffffff; font-family: Calibri;\">Tambi\u00e9n nos llam\u00f3 la atenci\u00f3n, como siempre, la cantidad de helic\u00f3pteros que sin parar de volar segu\u00edan la carrera. Buena parte del presupuesto se ir\u00e1 por el aire. Aqu\u00ed el m\u00e1s cercano a nosotros.\u00a0<\/span><\/td>\n<td align=\"center\" width=\"1%\">\u00a0<\/td>\n<td style=\"text-align: center; vertical-align: middle;\" colspan=\"2\" align=\"center\" bgcolor=\"#003399\" width=\"33%\"><span style=\"color: #ffffff; font-family: Calibri;\">Aunque la imagen dista mucho de la t\u00edpica del Fito bajando gente. Los muchos aficionados presentes formaron una fila enorme a ambos lados de la carretera de camino a los coches que, como nuestro 500, quedaban m\u00e1s que lejos.<\/span><\/td>\n<\/tr>\n<\/tbody>\n<\/table>\n<p>\u00a0<\/p>\n<table id=\"AutoNumber1\" class=\"MsoNormalTable\" style=\"width: 100%; border-collapse: collapse;\" border=\"1\" width=\"100%\" cellspacing=\"0\" cellpadding=\"0\">\n<tbody>\n<tr>\n<td align=\"center\" bgcolor=\"#666666\" width=\"9%\"><span style=\"color: #f3f3ef;\">FOTO<\/span><\/td>\n<td style=\"text-align: center; background-color: #f3f3ef;\" rowspan=\"2\" width=\"40%\"><a href=\"https:\/\/www.faltabancuatrogotas.com\/nwf4g\/wp-content\/uploads\/2015\/12\/phoca_thumb_l_catalua15hugo-690-a27.jpg\"><img loading=\"lazy\" decoding=\"async\" class=\" size-full wp-image-255\" src=\"https:\/\/www.faltabancuatrogotas.com\/nwf4g\/wp-content\/uploads\/2015\/12\/phoca_thumb_s_catalua15hugo-690-d50.jpg\" alt=\"\" width=\"100\" height=\"66\" border=\"0\" \/><\/a><\/td>\n<td rowspan=\"2\" align=\"center\" width=\"1%\">\u00a0<\/td>\n<td align=\"center\" bgcolor=\"#666666\" width=\"8%\"><span style=\"color: #ffffff;\">FOTO<\/span><\/td>\n<td style=\"text-align: center; background-color: #f3f3ef;\" rowspan=\"2\" width=\"40%\"><a href=\"https:\/\/www.faltabancuatrogotas.com\/nwf4g\/wp-content\/uploads\/2015\/12\/phoca_thumb_l_catalua15hugo-693-e5d.jpg\"><img loading=\"lazy\" decoding=\"async\" class=\" size-full wp-image-257\" src=\"https:\/\/www.faltabancuatrogotas.com\/nwf4g\/wp-content\/uploads\/2015\/12\/phoca_thumb_s_catalua15hugo-693-92a.jpg\" alt=\"\" width=\"100\" height=\"66\" border=\"0\" \/><\/a><\/td>\n<\/tr>\n<tr>\n<td align=\"center\" bgcolor=\"#666666\" width=\"9%\"><span style=\"color: #f3f3ef;\">Hugo<\/span><\/td>\n<td align=\"center\" bgcolor=\"#666666\" width=\"8%\"><span style=\"color: #f3f3ef;\">Hugo<\/span><\/td>\n<\/tr>\n<tr>\n<td style=\"text-align: center; vertical-align: middle;\" colspan=\"2\" align=\"center\" bgcolor=\"#003399\" width=\"32%\"><span style=\"color: #ffffff; font-family: Calibri;\">Cuando Ogier un par de kil\u00f3metros m\u00e1s arriba de nosotros peg\u00f3 contra el guardarrail se acab\u00f3 el juego. Minutos de espera, de trayecto al coche y luego de caravana, nos permitieron cruzarlo en gr\u00faa y desde dentro del coche sacar esta foto para ver detenidamente el alcance del golpe.\u00a0<\/span><\/td>\n<td align=\"center\" width=\"1%\">\u00a0<\/td>\n<td style=\"text-align: center; vertical-align: middle;\" colspan=\"2\" align=\"center\" bgcolor=\"#003399\" width=\"33%\"><span style=\"color: #ffffff; font-family: Calibri;\">En el parque final muchas cosas curiosas. entre ellas estaba este hombre con un port\u00e1til enchufado en el Polo de Latvala que cuando fuimos a hacer foto, cerr\u00f3 algo la pantalla. Lo chocante es que un rato m\u00e1s tarde estaba haciendo lo mismo en el Hyundai de Sordo.<\/span><\/td>\n<\/tr>\n<\/tbody>\n<\/table>\n<p>\u00a0\u00a0<\/p>\n<table id=\"AutoNumber1\" class=\"MsoNormalTable\" style=\"width: 100%; border-collapse: collapse;\" border=\"1\" width=\"100%\" cellspacing=\"0\" cellpadding=\"0\">\n<tbody>\n<tr>\n<td align=\"center\" bgcolor=\"#666666\" width=\"9%\"><span style=\"color: #f3f3ef;\">FOTO<\/span><\/td>\n<td style=\"text-align: center; background-color: #f3f3ef;\" rowspan=\"2\" width=\"40%\"><a href=\"https:\/\/www.faltabancuatrogotas.com\/nwf4g\/wp-content\/uploads\/2015\/12\/phoca_thumb_l_catalua15hugo-695-6a9.jpg\"><img loading=\"lazy\" decoding=\"async\" class=\" size-full wp-image-259\" src=\"https:\/\/www.faltabancuatrogotas.com\/nwf4g\/wp-content\/uploads\/2015\/12\/phoca_thumb_s_catalua15hugo-695-1de.jpg\" alt=\"\" width=\"100\" height=\"66\" border=\"0\" \/><\/a><\/td>\n<td rowspan=\"2\" align=\"center\" width=\"1%\">\u00a0<\/td>\n<td align=\"center\" bgcolor=\"#666666\" width=\"8%\"><span style=\"color: #ffffff;\">FOTO<\/span><\/td>\n<td style=\"text-align: center; background-color: #f3f3ef;\" rowspan=\"2\" width=\"40%\"><a href=\"https:\/\/www.faltabancuatrogotas.com\/nwf4g\/wp-content\/uploads\/2015\/12\/phoca_thumb_l_catalua15hugo-702-59c.jpg\"><img loading=\"lazy\" decoding=\"async\" class=\" size-full wp-image-261\" src=\"https:\/\/www.faltabancuatrogotas.com\/nwf4g\/wp-content\/uploads\/2015\/12\/phoca_thumb_s_catalua15hugo-702-2eb.jpg\" alt=\"\" width=\"100\" height=\"66\" border=\"0\" \/><\/a><\/td>\n<\/tr>\n<tr>\n<td align=\"center\" bgcolor=\"#666666\" width=\"9%\"><span style=\"color: #f3f3ef;\">Hugo<\/span><\/td>\n<td align=\"center\" bgcolor=\"#666666\" width=\"8%\"><span style=\"color: #f3f3ef;\">Hugo<\/span><\/td>\n<\/tr>\n<tr>\n<td style=\"text-align: center; vertical-align: middle;\" colspan=\"2\" align=\"center\" bgcolor=\"#003399\" width=\"32%\"><span style=\"color: #ffffff; font-family: Calibri;\">Como Neuville no quiere ver mecanicos parados en el \u00faltimo tramo hizo una excursi\u00f3n con golpe y p\u00e9rdida de tiempo incluidos que le llev\u00f3 al parque final con la aleta pegada con celof\u00e1n de cualquier bazar oriental.\u00a0<\/span><\/td>\n<td align=\"center\" width=\"1%\">\u00a0<\/td>\n<td style=\"text-align: center; vertical-align: middle;\" colspan=\"2\" align=\"center\" bgcolor=\"#003399\" width=\"33%\"><span style=\"color: #ffffff; font-family: Calibri;\">Por primera vez desde que vamos al Mundial, nos las arreglamos para ir a Salou a ver el podio, por el que pasan todos los supervivientes y se hace un poco eterno. Ahora ya sabemos lo que es.<\/span><\/td>\n<\/tr>\n<\/tbody>\n<\/table>\n<p>\u00a0<\/p>\n<table id=\"AutoNumber1\" class=\"MsoNormalTable\" style=\"width: 100%; border-collapse: collapse;\" border=\"1\" width=\"100%\" cellspacing=\"0\" cellpadding=\"0\">\n<tbody>\n<tr>\n<td align=\"center\" bgcolor=\"#666666\" width=\"9%\"><span style=\"color: #f3f3ef;\">FOTO<\/span><\/td>\n<td style=\"text-align: center; background-color: #f3f3ef;\" rowspan=\"2\" width=\"40%\"><a href=\"https:\/\/www.faltabancuatrogotas.com\/nwf4g\/wp-content\/uploads\/2015\/12\/phoca_thumb_l_catalua15hugo-704-d68.jpg\"><img loading=\"lazy\" decoding=\"async\" class=\" size-full wp-image-263\" src=\"https:\/\/www.faltabancuatrogotas.com\/nwf4g\/wp-content\/uploads\/2015\/12\/phoca_thumb_s_catalua15hugo-704-a1f.jpg\" alt=\"\" width=\"100\" height=\"66\" border=\"0\" \/><\/a><\/td>\n<td rowspan=\"2\" align=\"center\" width=\"1%\">\u00a0<\/td>\n<td align=\"center\" bgcolor=\"#666666\" width=\"8%\"><span style=\"color: #ffffff;\">FOTO<\/span><\/td>\n<td style=\"text-align: center; background-color: #f3f3ef;\" rowspan=\"2\" width=\"40%\"><a href=\"https:\/\/www.faltabancuatrogotas.com\/nwf4g\/wp-content\/uploads\/2015\/12\/phoca_thumb_l_catalua15hugo-706-ac4.jpg\"><img loading=\"lazy\" decoding=\"async\" class=\" size-full wp-image-265\" src=\"https:\/\/www.faltabancuatrogotas.com\/nwf4g\/wp-content\/uploads\/2015\/12\/phoca_thumb_s_catalua15hugo-706-db3.jpg\" alt=\"\" width=\"100\" height=\"66\" border=\"0\" \/><\/a><\/td>\n<\/tr>\n<tr>\n<td align=\"center\" bgcolor=\"#666666\" width=\"9%\"><span style=\"color: #f3f3ef;\">Hugo<\/span><\/td>\n<td align=\"center\" bgcolor=\"#666666\" width=\"8%\"><span style=\"color: #f3f3ef;\">Hugo<\/span><\/td>\n<\/tr>\n<tr>\n<td style=\"text-align: center; vertical-align: middle;\" colspan=\"2\" align=\"center\" bgcolor=\"#003399\" width=\"32%\"><span style=\"color: #ffffff; font-family: Calibri;\">Como si hubiese salido vivo de una guerra, el 208 que emple\u00f3 \u00abCohete\u00bb descansaba en Salou cargado de toques, desajustes y seguramente de an\u00e9cdotas, de las que seguro su mec\u00e1nica tuvo algo que ver.<\/span><\/td>\n<td align=\"center\" width=\"1%\">\u00a0<\/td>\n<td style=\"text-align: center; vertical-align: middle;\" colspan=\"2\" align=\"center\" bgcolor=\"#003399\" width=\"33%\"><span style=\"color: #ffffff; font-family: Calibri;\">Esta imagen vale para hacernos una idea de la anchura que gana el \u00a0coche de calle para que los trenes quepan dentro de las aletas y por tanto del coche.<\/span><\/td>\n<\/tr>\n<\/tbody>\n<\/table>\n<p>\u00a0<\/p>\n<table id=\"AutoNumber1\" class=\"MsoNormalTable\" style=\"width: 100%; border-collapse: collapse;\" border=\"1\" width=\"100%\" cellspacing=\"0\" cellpadding=\"0\">\n<tbody>\n<tr>\n<td align=\"center\" bgcolor=\"#666666\" width=\"9%\"><span style=\"color: #f3f3ef;\">FOTO<\/span><\/td>\n<td style=\"text-align: center; background-color: #f3f3ef;\" rowspan=\"2\" width=\"40%\"><a href=\"https:\/\/www.faltabancuatrogotas.com\/nwf4g\/wp-content\/uploads\/2015\/12\/phoca_thumb_l_catalua15hugo-707-912.jpg\"><img loading=\"lazy\" decoding=\"async\" class=\" size-full wp-image-267\" src=\"https:\/\/www.faltabancuatrogotas.com\/nwf4g\/wp-content\/uploads\/2015\/12\/phoca_thumb_s_catalua15hugo-707-e65.jpg\" alt=\"\" width=\"100\" height=\"66\" border=\"0\" \/><\/a><\/td>\n<td rowspan=\"2\" align=\"center\" width=\"1%\">\u00a0<\/td>\n<td align=\"center\" bgcolor=\"#666666\" width=\"8%\"><span style=\"color: #ffffff;\">FOTO<\/span><\/td>\n<td style=\"text-align: center; background-color: #f3f3ef;\" rowspan=\"2\" width=\"40%\"><a href=\"https:\/\/www.faltabancuatrogotas.com\/nwf4g\/wp-content\/uploads\/2015\/12\/phoca_thumb_l_catalua15hugo-468-f4c.jpg\"><img loading=\"lazy\" decoding=\"async\" class=\" size-full wp-image-269\" src=\"https:\/\/www.faltabancuatrogotas.com\/nwf4g\/wp-content\/uploads\/2015\/12\/phoca_thumb_s_catalua15hugo-468-83b.jpg\" alt=\"\" width=\"100\" height=\"66\" border=\"0\" \/><\/a><\/td>\n<\/tr>\n<tr>\n<td align=\"center\" bgcolor=\"#666666\" width=\"9%\"><span style=\"color: #f3f3ef;\">Hugo<\/span><\/td>\n<td align=\"center\" bgcolor=\"#666666\" width=\"8%\"><span style=\"color: #f3f3ef;\">Hugo<\/span><\/td>\n<\/tr>\n<tr>\n<td style=\"text-align: center; vertical-align: middle;\" colspan=\"2\" align=\"center\" bgcolor=\"#003399\" width=\"32%\"><span style=\"color: #ffffff; font-family: Calibri;\">Una pandilla de Noruegos ataviados con banderas, camisetas y dem\u00e1s se pasaron la tarde aplaudiendo a cada uno que sub\u00eda al podio, aumentando decibelios si fuese paisano suyo. No me imagino tristemente el mismo caso protagonizado por espa\u00f1oles, generar\u00eda tensi\u00f3n.\u00a0<\/span><\/td>\n<td align=\"center\" width=\"1%\">\u00a0<\/td>\n<td style=\"text-align: center; vertical-align: middle;\" colspan=\"2\" align=\"center\" bgcolor=\"#003399\" width=\"33%\"><span style=\"color: #ffffff; font-family: Calibri;\">La t\u00edpica imagen de los \u00abgordos \u00bb seguidos por el helic\u00f3ptero no deja de fascinarnos, por dejar im\u00e1genes como \u00e9sta y por el nivel de pilotaje que les permite acercarse a los coches por muy dif\u00edcil que sea el terreno.\u00a0<\/span><\/td>\n<\/tr>\n<\/tbody>\n<\/table>\n<p>\u00a0<\/p>\n<table id=\"AutoNumber1\" class=\"MsoNormalTable\" style=\"width: 100%; border-collapse: collapse;\" border=\"1\" width=\"100%\" cellspacing=\"0\" cellpadding=\"0\">\n<tbody>\n<tr>\n<td align=\"center\" bgcolor=\"#666666\" width=\"9%\"><span style=\"color: #f3f3ef;\">FOTO<\/span><\/td>\n<td style=\"text-align: center; background-color: #f3f3ef;\" rowspan=\"2\" width=\"40%\"><a href=\"https:\/\/www.faltabancuatrogotas.com\/nwf4g\/wp-content\/uploads\/2015\/12\/phoca_thumb_l_catalua15hugo-373-8de.jpg\"><img loading=\"lazy\" decoding=\"async\" class=\" size-full wp-image-271\" src=\"https:\/\/www.faltabancuatrogotas.com\/nwf4g\/wp-content\/uploads\/2015\/12\/phoca_thumb_s_catalua15hugo-373-fa9.jpg\" alt=\"\" width=\"100\" height=\"66\" border=\"0\" \/><\/a><\/td>\n<td rowspan=\"2\" align=\"center\" width=\"1%\">\u00a0<\/td>\n<td align=\"center\" bgcolor=\"#666666\" width=\"8%\"><span style=\"color: #ffffff;\">FOTO<\/span><\/td>\n<td style=\"text-align: center; background-color: #f3f3ef;\" rowspan=\"2\" width=\"40%\"><a href=\"https:\/\/www.faltabancuatrogotas.com\/nwf4g\/wp-content\/uploads\/2015\/12\/phoca_thumb_l_img_20151024_180237-b9f.jpg\"><img loading=\"lazy\" decoding=\"async\" class=\" size-full wp-image-273\" src=\"https:\/\/www.faltabancuatrogotas.com\/nwf4g\/wp-content\/uploads\/2015\/12\/phoca_thumb_s_img_20151024_180237-03b.jpg\" alt=\"\" width=\"92\" height=\"60\" border=\"0\" \/><\/a><\/td>\n<\/tr>\n<tr>\n<td align=\"center\" bgcolor=\"#666666\" width=\"9%\"><span style=\"color: #f3f3ef;\">Hugo<\/span><\/td>\n<td align=\"center\" bgcolor=\"#666666\" width=\"8%\"><span style=\"color: #f3f3ef;\">Daviz<\/span><\/td>\n<\/tr>\n<tr>\n<td style=\"text-align: center; vertical-align: middle;\" colspan=\"2\" align=\"center\" bgcolor=\"#003399\" width=\"32%\"><span style=\"color: #ffffff; font-family: Calibri;\">Tras ceder ante el empuje de Mikkelsen, Latvala peleaba hasta el final su segundo puesto. En Salou fue de los mejores y el Polo en sus manos parec\u00eda ir pegado con chicle al asfalto.\u00a0<\/span><\/td>\n<td align=\"center\" width=\"1%\">\u00a0<\/td>\n<td style=\"text-align: center; vertical-align: middle;\" colspan=\"2\" align=\"center\" bgcolor=\"#003399\" width=\"33%\"><span style=\"color: #ffffff; font-family: Calibri;\">El tramo espect\u00e1culo de Salou del s\u00e1bado, fue una buena oportunidad para ver de cerca a todos los participantes que esperaban pacientemente antes de salir a la especial.<\/span><\/td>\n<\/tr>\n<\/tbody>\n<\/table>\n<p>\u00a0<\/p>\n<p>\u00a0<\/p>\n<table id=\"AutoNumber1\" class=\"MsoNormalTable\" style=\"width: 100%; border-collapse: collapse;\" border=\"1\" width=\"100%\" cellspacing=\"0\" cellpadding=\"0\">\n<tbody>\n<tr>\n<td align=\"center\" bgcolor=\"#666666\" width=\"9%\"><span style=\"color: #f3f3ef;\">FOTO<\/span><\/td>\n<td style=\"text-align: center; background-color: #f3f3ef;\" rowspan=\"2\" width=\"40%\"><a href=\"https:\/\/www.faltabancuatrogotas.com\/nwf4g\/wp-content\/uploads\/2015\/12\/phoca_thumb_l_img_6215-1c7.jpg\"><img loading=\"lazy\" decoding=\"async\" class=\" size-full wp-image-275\" src=\"https:\/\/www.faltabancuatrogotas.com\/nwf4g\/wp-content\/uploads\/2015\/12\/phoca_thumb_s_img_6215-2c5.jpg\" alt=\"\" width=\"80\" height=\"79\" \/><\/a><\/td>\n<td rowspan=\"2\" align=\"center\" width=\"1%\">\u00a0<\/td>\n<td align=\"center\" bgcolor=\"#666666\" width=\"8%\"><span style=\"color: #ffffff;\">FOTO<\/span><\/td>\n<td style=\"text-align: center; background-color: #f3f3ef;\" rowspan=\"2\" width=\"40%\"><a href=\"https:\/\/www.faltabancuatrogotas.com\/nwf4g\/wp-content\/uploads\/2015\/12\/phoca_thumb_l_img_6217-66b.jpg\"><img loading=\"lazy\" decoding=\"async\" class=\" size-full wp-image-277\" src=\"https:\/\/www.faltabancuatrogotas.com\/nwf4g\/wp-content\/uploads\/2015\/12\/phoca_thumb_s_img_6217-569.jpg\" alt=\"\" width=\"100\" height=\"66\" border=\"0\" \/><\/a>\u00a0<\/td>\n<\/tr>\n<tr>\n<td align=\"center\" bgcolor=\"#666666\" width=\"9%\"><span style=\"color: #f3f3ef;\">Daviz<\/span><\/td>\n<td align=\"center\" bgcolor=\"#666666\" width=\"8%\"><span style=\"color: #f3f3ef;\">Daviz<\/span><\/td>\n<\/tr>\n<tr>\n<td style=\"text-align: center; vertical-align: middle;\" colspan=\"2\" align=\"center\" bgcolor=\"#003399\" width=\"32%\"><span style=\"color: #ffffff; font-family: Calibri;\">Nasser, vencedor del mundial en la categor\u00eda WRC2, ya relajado con el rally finalizado y disfrutando del triunfo y la afici\u00f3n.<\/span><\/td>\n<td align=\"center\" width=\"1%\">\u00a0<\/td>\n<td style=\"text-align: center; vertical-align: middle;\" colspan=\"2\" align=\"center\" bgcolor=\"#003399\" width=\"33%\"><span style=\"color: #ffffff; font-family: Calibri;\">Despu\u00e9s de dos d\u00edas m\u00e1s que intensos, madrugando, pateando, pasando fr\u00edo, esta es la cara que se te queda cuando has disfrutado \ud83d\ude42<\/span><\/td>\n<\/tr>\n<\/tbody>\n<\/table>\n<p>\u00a0<\/p>\n<table id=\"AutoNumber1\" class=\"MsoNormalTable\" style=\"width: 100%; border-collapse: collapse;\" border=\"1\" width=\"100%\" cellspacing=\"0\" cellpadding=\"0\">\n<tbody>\n<tr>\n<td style=\"text-align: center; vertical-align: middle;\" align=\"center\" bgcolor=\"#666666\" width=\"9%\"><span style=\"color: #f3f3ef;\">FOTO<\/span><\/td>\n<td style=\"text-align: center; background-color: #f3f3ef;\" rowspan=\"2\" width=\"40%\"><a href=\"https:\/\/www.faltabancuatrogotas.com\/nwf4g\/wp-content\/uploads\/2015\/12\/phoca_thumb_l_img_6218-e4e.jpg\"><img loading=\"lazy\" decoding=\"async\" class=\" size-full wp-image-279\" src=\"https:\/\/www.faltabancuatrogotas.com\/nwf4g\/wp-content\/uploads\/2015\/12\/phoca_thumb_s_img_6218-d4c.jpg\" alt=\"\" width=\"100\" height=\"66\" border=\"0\" \/><\/a><\/td>\n<td style=\"text-align: center; vertical-align: middle;\" rowspan=\"2\" align=\"center\" width=\"1%\">\u00a0<\/td>\n<td style=\"text-align: center; vertical-align: middle;\" align=\"center\" bgcolor=\"#666666\" width=\"8%\"><span style=\"color: #ffffff;\">FOTO<\/span><\/td>\n<td style=\"text-align: center; background-color: #f3f3ef;\" rowspan=\"2\" width=\"40%\"><a href=\"https:\/\/www.faltabancuatrogotas.com\/nwf4g\/wp-content\/uploads\/2015\/12\/phoca_thumb_l_img_6222-28c.jpg\"><img loading=\"lazy\" decoding=\"async\" class=\" size-full wp-image-281\" src=\"https:\/\/www.faltabancuatrogotas.com\/nwf4g\/wp-content\/uploads\/2015\/12\/phoca_thumb_s_img_6222-18e.jpg\" alt=\"\" width=\"100\" height=\"66\" border=\"0\" \/><\/a>\u00a0<\/td>\n<\/tr>\n<tr>\n<td style=\"text-align: center; vertical-align: middle;\" align=\"center\" bgcolor=\"#666666\" width=\"9%\"><span style=\"color: #f3f3ef;\">Daviz<\/span><\/td>\n<td style=\"text-align: center; vertical-align: middle;\" align=\"center\" bgcolor=\"#666666\" width=\"8%\"><span style=\"color: #f3f3ef;\">Daviz<\/span><\/td>\n<\/tr>\n<tr>\n<td style=\"text-align: center; vertical-align: middle;\" colspan=\"2\" align=\"center\" bgcolor=\"#003399\" width=\"32%\"><span style=\"color: #ffffff; font-family: Calibri;\">Nasser se pase\u00f3 por el parque cerrado de final del rallye firmando aut\u00f3grafos y fotografi\u00e1ndose con los que por all\u00ed andabamos.<\/span><\/td>\n<td style=\"text-align: center; vertical-align: middle;\" align=\"center\" width=\"1%\">\u00a0<\/td>\n<td style=\"text-align: center; vertical-align: middle;\" colspan=\"2\" align=\"center\" bgcolor=\"#003399\" width=\"33%\"><span style=\"color: #ffffff; font-family: Calibri;\">Despu\u00e9s de toda la acci\u00f3n, llega la calma y en Salou pudimos acercarnos a ver todos los coches en el parque.<\/span><\/td>\n<\/tr>\n<\/tbody>\n<\/table>\n<p>\u00a0<\/p>\n<p style=\"text-align: justify;\"><span style=\"color: #666666; line-height: 15.8px; font-size: large;\">Despu\u00e9s de muchos kil\u00f3metros en avi\u00f3n, varios cientos en coche, pocas horas de sue\u00f1o y varias de caminata, se acababa nuestra visita a la 51 edici\u00f3n del Rally de Catalu\u00f1a. Especial para nosotros por su significado y por retomar una visita que otros tiempos fue casi cita obligada en nuestro calendario anual.\u00a0<\/span><\/p>\n<p>\u00a0<\/p>\n<p>\u00a0<\/p>\n<p>\u00a0Reportaje: Hugo y Daviz\u00a0<\/p>\n<p>Fotos: Hugo y Daviz<\/p>\n<p align=\"center\">\u00a0<\/p>\n","protected":false},"excerpt":{"rendered":"<p>\u00a0 Como cada vez que visitamos una de esas pruebas poco habitual, os hacemos nuestra particular cr\u00f3nica. Gracias a un muy especial regalo de cumplea\u00f1os, dos viejos amigos nos juntamos en un viejo y conocido escenario: El\u00a0LI Rallye Catalunya-Costa Dorada. En este reportaje os contamos nuestra visi\u00f3n del mismo, como siempre esperamos que os guste. [&hellip;]<\/p>\n","protected":false},"author":1,"featured_media":104,"comment_status":"open","ping_status":"open","sticky":false,"template":"","format":"standard","meta":{"jetpack_post_was_ever_published":false,"_jetpack_newsletter_access":"","_jetpack_dont_email_post_to_subs":false,"_jetpack_newsletter_tier_id":0,"_jetpack_memberships_contains_paywalled_content":false,"_jetpack_memberships_contains_paid_content":false,"footnotes":"","jetpack_publicize_message":"","jetpack_publicize_feature_enabled":true,"jetpack_social_post_already_shared":false,"jetpack_social_options":{"image_generator_settings":{"template":"highway","default_image_id":0,"font":"","enabled":false},"version":2}},"categories":[9],"tags":[],"class_list":["post-282","post","type-post","status-publish","format-standard","has-post-thumbnail","hentry","category-temporada-2015"],"jetpack_publicize_connections":[],"jetpack_featured_media_url":"https:\/\/www.faltabancuatrogotas.com\/nwf4g\/wp-content\/uploads\/2015\/12\/phoca_thumb_s_img_5080-daa.jpg","jetpack_sharing_enabled":true,"_links":{"self":[{"href":"https:\/\/www.faltabancuatrogotas.com\/nwf4g\/wp-json\/wp\/v2\/posts\/282","targetHints":{"allow":["GET"]}}],"collection":[{"href":"https:\/\/www.faltabancuatrogotas.com\/nwf4g\/wp-json\/wp\/v2\/posts"}],"about":[{"href":"https:\/\/www.faltabancuatrogotas.com\/nwf4g\/wp-json\/wp\/v2\/types\/post"}],"author":[{"embeddable":true,"href":"https:\/\/www.faltabancuatrogotas.com\/nwf4g\/wp-json\/wp\/v2\/users\/1"}],"replies":[{"embeddable":true,"href":"https:\/\/www.faltabancuatrogotas.com\/nwf4g\/wp-json\/wp\/v2\/comments?post=282"}],"version-history":[{"count":0,"href":"https:\/\/www.faltabancuatrogotas.com\/nwf4g\/wp-json\/wp\/v2\/posts\/282\/revisions"}],"wp:featuredmedia":[{"embeddable":true,"href":"https:\/\/www.faltabancuatrogotas.com\/nwf4g\/wp-json\/wp\/v2\/media\/104"}],"wp:attachment":[{"href":"https:\/\/www.faltabancuatrogotas.com\/nwf4g\/wp-json\/wp\/v2\/media?parent=282"}],"wp:term":[{"taxonomy":"category","embeddable":true,"href":"https:\/\/www.faltabancuatrogotas.com\/nwf4g\/wp-json\/wp\/v2\/categories?post=282"},{"taxonomy":"post_tag","embeddable":true,"href":"https:\/\/www.faltabancuatrogotas.com\/nwf4g\/wp-json\/wp\/v2\/tags?post=282"}],"curies":[{"name":"wp","href":"https:\/\/api.w.org\/{rel}","templated":true}]}}