{"id":4443,"date":"2023-04-30T09:09:22","date_gmt":"2023-04-30T09:09:22","guid":{"rendered":"https:\/\/www.faltabancuatrogotas.com\/nwf4g\/?p=4443"},"modified":"2023-04-30T09:09:22","modified_gmt":"2023-04-30T09:09:22","slug":"celebrado-el-xiv-slalom-villa-de-navia","status":"publish","type":"post","link":"https:\/\/www.faltabancuatrogotas.com\/nwf4g\/2023\/04\/30\/celebrado-el-xiv-slalom-villa-de-navia\/","title":{"rendered":"Celebrado el XIV Slalom Villa de Navia"},"content":{"rendered":"\n<p>Se inauguraba el campeonato asturiano de Slalom este pasado s\u00e1bado 29 de abril con el habitual Slalom Villa de Navia que celebraba su XIV edici\u00f3n.<\/p>\n\n\n\n<p>A pesar de las previsiones de lluvia, el tiempo respet\u00f3 a participantes, p\u00fablico y organizaci\u00f3n y permiti\u00f3 la celebraci\u00f3n de la prueba en seco.<\/p>\n\n\n\n<p>Con una corta inscripci\u00f3n, de 17 participantes, pero con la presencia de la mayor\u00eda de los habituales top de los \u00faltimos a\u00f1os, la carrera comenzaba a eso de la una y media del mediod\u00eda en la zona de la Granja en Navia (Asturias). Con un total de cuatro mangas, una de entrenamiento no oficial y las reglamentarias entrenamiento oficial y primera y segunda\u00a0mangas cronometradas, que ser\u00edan las que, a la postre, definir\u00edan las posiciones finales de la clasificaci\u00f3n general.<\/p>\n\n\n\n<p>El circuito, similar al del a\u00f1o pasado, con zonas reviradas, pero tambi\u00e9n con zonas r\u00e1pidas donde la habilidad de los pilotos se puso a prueba para realizar el mejor tiempo sin penalizaci\u00f3n.<\/p>\n\n\n\n<p>El veterano Juan Luis Y\u00e1\u00f1ez con su Ford Fiesta Super 1200, lider\u00f3 de principio a fin la prueba, haciendo el mejor tiempo en todas las mangas y llev\u00e1ndose la victoria final del Slalom, adem\u00e1s de la de clase 2.<\/p>\n\n\n\n<figure class=\"wp-block-image size-large\"><img loading=\"lazy\" decoding=\"async\" width=\"1024\" height=\"683\" src=\"https:\/\/www.faltabancuatrogotas.com\/nwf4g\/wp-content\/uploads\/2023\/04\/344069306_244811248066413_3916797357160176129_n-1024x683.jpg\" alt=\"\" class=\"wp-image-4444\" srcset=\"https:\/\/www.faltabancuatrogotas.com\/nwf4g\/wp-content\/uploads\/2023\/04\/344069306_244811248066413_3916797357160176129_n-1024x683.jpg 1024w, https:\/\/www.faltabancuatrogotas.com\/nwf4g\/wp-content\/uploads\/2023\/04\/344069306_244811248066413_3916797357160176129_n-300x200.jpg 300w, https:\/\/www.faltabancuatrogotas.com\/nwf4g\/wp-content\/uploads\/2023\/04\/344069306_244811248066413_3916797357160176129_n-768x512.jpg 768w, https:\/\/www.faltabancuatrogotas.com\/nwf4g\/wp-content\/uploads\/2023\/04\/344069306_244811248066413_3916797357160176129_n-1536x1024.jpg 1536w, https:\/\/www.faltabancuatrogotas.com\/nwf4g\/wp-content\/uploads\/2023\/04\/344069306_244811248066413_3916797357160176129_n.jpg 1600w\" sizes=\"auto, (max-width: 1024px) 100vw, 1024px\" \/><\/figure>\n\n\n\n<p>Seguido muy de cerca por los hermanos Rodriguez Riveiro, Jose Alberto (Josuku) y Luis Miguel, que mantuvieron una ajustada lucha durante toda la prueba que acab\u00f3 llev\u00e1ndose Josuku, con apenas un segundo de ventaja sobre el peque\u00f1o de los hermanos. Venciendo as\u00ed en clase 3 y en la categor\u00eda siempre espectacular de propulsi\u00f3n.<\/p>\n\n\n\n<figure class=\"wp-block-image size-full\"><img loading=\"lazy\" decoding=\"async\" width=\"1024\" height=\"768\" src=\"https:\/\/www.faltabancuatrogotas.com\/nwf4g\/wp-content\/uploads\/2023\/04\/WhatsApp-Image-2023-04-29-at-21.09.05.jpeg\" alt=\"\" class=\"wp-image-4445\" srcset=\"https:\/\/www.faltabancuatrogotas.com\/nwf4g\/wp-content\/uploads\/2023\/04\/WhatsApp-Image-2023-04-29-at-21.09.05.jpeg 1024w, https:\/\/www.faltabancuatrogotas.com\/nwf4g\/wp-content\/uploads\/2023\/04\/WhatsApp-Image-2023-04-29-at-21.09.05-300x225.jpeg 300w, https:\/\/www.faltabancuatrogotas.com\/nwf4g\/wp-content\/uploads\/2023\/04\/WhatsApp-Image-2023-04-29-at-21.09.05-768x576.jpeg 768w\" sizes=\"auto, (max-width: 1024px) 100vw, 1024px\" \/><\/figure>\n\n\n\n<p>En cuando al resto de categor\u00edas, Roberto Rodr\u00edguez se hac\u00eda con la clase 1 con su citr\u00f6en saxo de calle, Hugo Gonz\u00e1lez llevaba su BMW Compact a lo m\u00e1s alto del podium de la clase 4 y Brandon Echeverry se llevaba el trofeo de la junior, teniendo que lamentar el abandono de la \u00fanica representante de las f\u00e9minas, Andrea V\u00e1zquez por aver\u00eda mec\u00e1nica en su Opel Corsa.<\/p>\n\n\n\n<figure class=\"wp-block-image size-full\"><img loading=\"lazy\" decoding=\"async\" width=\"1024\" height=\"768\" src=\"https:\/\/www.faltabancuatrogotas.com\/nwf4g\/wp-content\/uploads\/2023\/04\/WhatsApp-Image-2023-04-29-at-21.09.05-1.jpeg\" alt=\"\" class=\"wp-image-4446\" srcset=\"https:\/\/www.faltabancuatrogotas.com\/nwf4g\/wp-content\/uploads\/2023\/04\/WhatsApp-Image-2023-04-29-at-21.09.05-1.jpeg 1024w, https:\/\/www.faltabancuatrogotas.com\/nwf4g\/wp-content\/uploads\/2023\/04\/WhatsApp-Image-2023-04-29-at-21.09.05-1-300x225.jpeg 300w, https:\/\/www.faltabancuatrogotas.com\/nwf4g\/wp-content\/uploads\/2023\/04\/WhatsApp-Image-2023-04-29-at-21.09.05-1-768x576.jpeg 768w\" sizes=\"auto, (max-width: 1024px) 100vw, 1024px\" \/><\/figure>\n\n\n\n<p>Finalizaba as\u00ed la decimocuarta edici\u00f3n del Slalom Villa de Navia, en el que todos los participantes de la prueba dieron un gran espect\u00e1culo en un soleado d\u00eda en el occidente asturiano.<\/p>\n\n\n\n<p>Escuder\u00eda del Valle Naviego Competici\u00f3n.<\/p>\n\n\n\n<figure class=\"wp-block-embed is-type-wp-embed is-provider-faltaban-cuatro-gotas wp-block-embed-faltaban-cuatro-gotas\"><div class=\"wp-block-embed__wrapper\">\n<blockquote class=\"wp-embedded-content\" data-secret=\"3zyfLdlST4\"><a href=\"https:\/\/www.faltabancuatrogotas.com\/nwf4g\/4296-2\/\">Slalom Villa de Navia 2023<\/a><\/blockquote><iframe loading=\"lazy\" class=\"wp-embedded-content\" sandbox=\"allow-scripts\" security=\"restricted\" style=\"position: absolute; clip: rect(1px, 1px, 1px, 1px);\" title=\"\u00abSlalom Villa de Navia 2023\u00bb \u2014 Faltaban Cuatro Gotas\" src=\"https:\/\/www.faltabancuatrogotas.com\/nwf4g\/4296-2\/embed\/#?secret=jAQ45ApTKq#?secret=3zyfLdlST4\" data-secret=\"3zyfLdlST4\" width=\"500\" height=\"282\" frameborder=\"0\" marginwidth=\"0\" marginheight=\"0\" scrolling=\"no\"><\/iframe>\n<\/div><\/figure>\n","protected":false},"excerpt":{"rendered":"<p>Se inauguraba el campeonato asturiano de Slalom este pasado s\u00e1bado 29 de abril con el habitual Slalom Villa de Navia que celebraba su XIV edici\u00f3n. A pesar de las previsiones de lluvia, el tiempo respet\u00f3 a participantes, p\u00fablico y organizaci\u00f3n y permiti\u00f3 la celebraci\u00f3n de la prueba en seco. Con una corta inscripci\u00f3n, de 17 [&hellip;]<\/p>\n","protected":false},"author":1,"featured_media":4444,"comment_status":"open","ping_status":"open","sticky":false,"template":"","format":"standard","meta":{"jetpack_post_was_ever_published":false,"_jetpack_newsletter_access":"","_jetpack_dont_email_post_to_subs":false,"_jetpack_newsletter_tier_id":0,"_jetpack_memberships_contains_paywalled_content":false,"_jetpack_memberships_contains_paid_content":false,"footnotes":"","jetpack_publicize_message":"Resumen del XIV Slalom Villa de Navia, celebrado el 29 de abril en la villa del occidente asturiano.","jetpack_publicize_feature_enabled":true,"jetpack_social_post_already_shared":false,"jetpack_social_options":{"image_generator_settings":{"template":"highway","default_image_id":0,"font":"","enabled":false},"version":2}},"categories":[68],"tags":[],"class_list":["post-4443","post","type-post","status-publish","format-standard","has-post-thumbnail","hentry","category-68"],"jetpack_publicize_connections":[],"jetpack_featured_media_url":"https:\/\/www.faltabancuatrogotas.com\/nwf4g\/wp-content\/uploads\/2023\/04\/344069306_244811248066413_3916797357160176129_n.jpg","jetpack_sharing_enabled":true,"_links":{"self":[{"href":"https:\/\/www.faltabancuatrogotas.com\/nwf4g\/wp-json\/wp\/v2\/posts\/4443","targetHints":{"allow":["GET"]}}],"collection":[{"href":"https:\/\/www.faltabancuatrogotas.com\/nwf4g\/wp-json\/wp\/v2\/posts"}],"about":[{"href":"https:\/\/www.faltabancuatrogotas.com\/nwf4g\/wp-json\/wp\/v2\/types\/post"}],"author":[{"embeddable":true,"href":"https:\/\/www.faltabancuatrogotas.com\/nwf4g\/wp-json\/wp\/v2\/users\/1"}],"replies":[{"embeddable":true,"href":"https:\/\/www.faltabancuatrogotas.com\/nwf4g\/wp-json\/wp\/v2\/comments?post=4443"}],"version-history":[{"count":1,"href":"https:\/\/www.faltabancuatrogotas.com\/nwf4g\/wp-json\/wp\/v2\/posts\/4443\/revisions"}],"predecessor-version":[{"id":4447,"href":"https:\/\/www.faltabancuatrogotas.com\/nwf4g\/wp-json\/wp\/v2\/posts\/4443\/revisions\/4447"}],"wp:featuredmedia":[{"embeddable":true,"href":"https:\/\/www.faltabancuatrogotas.com\/nwf4g\/wp-json\/wp\/v2\/media\/4444"}],"wp:attachment":[{"href":"https:\/\/www.faltabancuatrogotas.com\/nwf4g\/wp-json\/wp\/v2\/media?parent=4443"}],"wp:term":[{"taxonomy":"category","embeddable":true,"href":"https:\/\/www.faltabancuatrogotas.com\/nwf4g\/wp-json\/wp\/v2\/categories?post=4443"},{"taxonomy":"post_tag","embeddable":true,"href":"https:\/\/www.faltabancuatrogotas.com\/nwf4g\/wp-json\/wp\/v2\/tags?post=4443"}],"curies":[{"name":"wp","href":"https:\/\/api.w.org\/{rel}","templated":true}]}}