{"id":4536,"date":"2023-09-26T23:10:31","date_gmt":"2023-09-26T23:10:31","guid":{"rendered":"https:\/\/www.faltabancuatrogotas.com\/nwf4g\/?p=4536"},"modified":"2023-09-26T23:10:55","modified_gmt":"2023-09-26T23:10:55","slug":"joaquin-fabian-en-el-v-slalom-villa-de-colunga-10-de-junio-de-2023","status":"publish","type":"post","link":"https:\/\/www.faltabancuatrogotas.com\/nwf4g\/2023\/09\/26\/joaquin-fabian-en-el-v-slalom-villa-de-colunga-10-de-junio-de-2023\/","title":{"rendered":"Joaqu\u00edn Fabi\u00e1n en el V Slalom Villa de Colunga &#8211; 10 de junio de 2023"},"content":{"rendered":"\n<p>Retornaba a la competici\u00f3n Joaqu\u00edn compartiendo coche con Pedrayes, comenzando en el puesto 25 tras dar mucho espect\u00e1culo y penalizar 1&#8217;46\u00bb. Empeoraba un segundo su crono en la primera oficial, pero no penalizaba, lo que le serv\u00eda para llegar al puesto 15, cuarto de clase 4 y quinto en Propulsi\u00f3n. Mejoraba 1&#8243; en la definitiva, a pesar de lo cu\u00e1l se iba al vig\u00e9simo puesto, como quinto de clase 4 y s\u00e9ptimo de Propulsi\u00f3n.<\/p>\n\n\n\n<figure class=\"wp-block-image size-large\"><img loading=\"lazy\" decoding=\"async\" width=\"1024\" height=\"683\" src=\"https:\/\/www.faltabancuatrogotas.com\/nwf4g\/wp-content\/uploads\/2023\/09\/IMG_1906-1024x683.jpg\" alt=\"\" class=\"wp-image-4534\" srcset=\"https:\/\/www.faltabancuatrogotas.com\/nwf4g\/wp-content\/uploads\/2023\/09\/IMG_1906-1024x683.jpg 1024w, https:\/\/www.faltabancuatrogotas.com\/nwf4g\/wp-content\/uploads\/2023\/09\/IMG_1906-300x200.jpg 300w, https:\/\/www.faltabancuatrogotas.com\/nwf4g\/wp-content\/uploads\/2023\/09\/IMG_1906-768x512.jpg 768w, https:\/\/www.faltabancuatrogotas.com\/nwf4g\/wp-content\/uploads\/2023\/09\/IMG_1906-1536x1024.jpg 1536w, https:\/\/www.faltabancuatrogotas.com\/nwf4g\/wp-content\/uploads\/2023\/09\/IMG_1906.jpg 1620w\" sizes=\"auto, (max-width: 1024px) 100vw, 1024px\" \/><\/figure>\n","protected":false},"excerpt":{"rendered":"<p>Retornaba a la competici\u00f3n Joaqu\u00edn compartiendo coche con Pedrayes, comenzando en el puesto 25 tras dar mucho espect\u00e1culo y penalizar 1&#8217;46\u00bb. Empeoraba un segundo su crono en la primera oficial, pero no penalizaba, lo que le serv\u00eda para llegar al puesto 15, cuarto de clase 4 y quinto en Propulsi\u00f3n. Mejoraba 1&#8243; en la definitiva, [&hellip;]<\/p>\n","protected":false},"author":2,"featured_media":4535,"comment_status":"open","ping_status":"open","sticky":false,"template":"","format":"standard","meta":{"jetpack_post_was_ever_published":false,"_jetpack_newsletter_access":"","_jetpack_dont_email_post_to_subs":false,"_jetpack_newsletter_tier_id":0,"_jetpack_memberships_contains_paywalled_content":false,"_jetpack_memberships_contains_paid_content":false,"footnotes":"","jetpack_publicize_message":"","jetpack_publicize_feature_enabled":true,"jetpack_social_post_already_shared":true,"jetpack_social_options":{"image_generator_settings":{"template":"highway","default_image_id":0,"font":"","enabled":false},"version":2}},"categories":[66],"tags":[],"class_list":["post-4536","post","type-post","status-publish","format-standard","has-post-thumbnail","hentry","category-temporada-2023"],"jetpack_publicize_connections":[],"jetpack_featured_media_url":"https:\/\/www.faltabancuatrogotas.com\/nwf4g\/wp-content\/uploads\/2023\/09\/IMG_1906-1.jpg","jetpack_sharing_enabled":true,"_links":{"self":[{"href":"https:\/\/www.faltabancuatrogotas.com\/nwf4g\/wp-json\/wp\/v2\/posts\/4536","targetHints":{"allow":["GET"]}}],"collection":[{"href":"https:\/\/www.faltabancuatrogotas.com\/nwf4g\/wp-json\/wp\/v2\/posts"}],"about":[{"href":"https:\/\/www.faltabancuatrogotas.com\/nwf4g\/wp-json\/wp\/v2\/types\/post"}],"author":[{"embeddable":true,"href":"https:\/\/www.faltabancuatrogotas.com\/nwf4g\/wp-json\/wp\/v2\/users\/2"}],"replies":[{"embeddable":true,"href":"https:\/\/www.faltabancuatrogotas.com\/nwf4g\/wp-json\/wp\/v2\/comments?post=4536"}],"version-history":[{"count":1,"href":"https:\/\/www.faltabancuatrogotas.com\/nwf4g\/wp-json\/wp\/v2\/posts\/4536\/revisions"}],"predecessor-version":[{"id":4537,"href":"https:\/\/www.faltabancuatrogotas.com\/nwf4g\/wp-json\/wp\/v2\/posts\/4536\/revisions\/4537"}],"wp:featuredmedia":[{"embeddable":true,"href":"https:\/\/www.faltabancuatrogotas.com\/nwf4g\/wp-json\/wp\/v2\/media\/4535"}],"wp:attachment":[{"href":"https:\/\/www.faltabancuatrogotas.com\/nwf4g\/wp-json\/wp\/v2\/media?parent=4536"}],"wp:term":[{"taxonomy":"category","embeddable":true,"href":"https:\/\/www.faltabancuatrogotas.com\/nwf4g\/wp-json\/wp\/v2\/categories?post=4536"},{"taxonomy":"post_tag","embeddable":true,"href":"https:\/\/www.faltabancuatrogotas.com\/nwf4g\/wp-json\/wp\/v2\/tags?post=4536"}],"curies":[{"name":"wp","href":"https:\/\/api.w.org\/{rel}","templated":true}]}}