{"id":4951,"date":"2024-12-14T03:03:34","date_gmt":"2024-12-14T03:03:34","guid":{"rendered":"https:\/\/www.faltabancuatrogotas.com\/nwf4g\/?p=4951"},"modified":"2024-12-14T03:04:49","modified_gmt":"2024-12-14T03:04:49","slug":"manuel-pedrayes-en-la-xvi-subida-al-sueve-15-de-septiembre-de-2024","status":"publish","type":"post","link":"https:\/\/www.faltabancuatrogotas.com\/nwf4g\/2024\/12\/14\/manuel-pedrayes-en-la-xvi-subida-al-sueve-15-de-septiembre-de-2024\/","title":{"rendered":"Manuel Pedrayes en la XVI Subida al Sueve &#8211; 15 de septiembre de 2024"},"content":{"rendered":"\n<p>Debutaba Pedrayes en Monta\u00f1a en la subida de casa, inici\u00e1ndola con un poco de drift en entrenamientos que le hac\u00eda irse hasta los 3&#8242; en cuanto al crono. En la primera oficial iba a tiempos, lo que se traduc\u00eda en un 2:45.882 que le colocaba en el puesto 27, vig\u00e9simo primero de clase 1, sexto del grupo 5A y tercero entre los propulsados. Volv\u00eda a intentarlo en la segunda, pero a mitad de ascensi\u00f3n le ense\u00f1aban bandera amarilla y al tener que levantar, decid\u00eda terminar derrapando lo que le dejaba sin los slicks y le obligaba a salir a la \u00faltima con ruedas de calle a dar espect\u00e1culo. De este modo, para clasificar sumaba el primer y segundo crono, que era 4&#8243; peor, terminando as\u00ed en el puesto 32 de la general, vig\u00e9simo sexto de clase y s\u00e9ptimo del grupo 5A.<\/p>\n\n\n\n<figure class=\"wp-block-image size-large\"><img loading=\"lazy\" decoding=\"async\" width=\"720\" height=\"480\" src=\"https:\/\/www.faltabancuatrogotas.com\/nwf4g\/wp-content\/uploads\/2024\/12\/fb_img_17340113626962947459036486280249.jpg\" alt=\"\" class=\"wp-image-4949\" srcset=\"https:\/\/www.faltabancuatrogotas.com\/nwf4g\/wp-content\/uploads\/2024\/12\/fb_img_17340113626962947459036486280249.jpg 720w, https:\/\/www.faltabancuatrogotas.com\/nwf4g\/wp-content\/uploads\/2024\/12\/fb_img_17340113626962947459036486280249-300x200.jpg 300w\" sizes=\"auto, (max-width: 720px) 100vw, 720px\" \/><\/figure>\n","protected":false},"excerpt":{"rendered":"<p>Debutaba Pedrayes en Monta\u00f1a en la subida de casa, inici\u00e1ndola con un poco de drift en entrenamientos que le hac\u00eda irse hasta los 3&#8242; en cuanto al crono. En la primera oficial iba a tiempos, lo que se traduc\u00eda en un 2:45.882 que le colocaba en el puesto 27, vig\u00e9simo primero de clase 1, sexto [&hellip;]<\/p>\n","protected":false},"author":2,"featured_media":4950,"comment_status":"open","ping_status":"open","sticky":false,"template":"","format":"standard","meta":{"jetpack_post_was_ever_published":false,"_jetpack_newsletter_access":"","_jetpack_dont_email_post_to_subs":false,"_jetpack_newsletter_tier_id":0,"_jetpack_memberships_contains_paywalled_content":false,"_jetpack_memberships_contains_paid_content":false,"footnotes":"","jetpack_publicize_message":"","jetpack_publicize_feature_enabled":true,"jetpack_social_post_already_shared":true,"jetpack_social_options":{"image_generator_settings":{"template":"highway","default_image_id":0,"font":"","enabled":false},"version":2}},"categories":[73],"tags":[],"class_list":["post-4951","post","type-post","status-publish","format-standard","has-post-thumbnail","hentry","category-temporada-2024"],"jetpack_publicize_connections":[],"jetpack_featured_media_url":"https:\/\/www.faltabancuatrogotas.com\/nwf4g\/wp-content\/uploads\/2024\/12\/FB_IMG_1734011362696.jpg","jetpack_sharing_enabled":true,"_links":{"self":[{"href":"https:\/\/www.faltabancuatrogotas.com\/nwf4g\/wp-json\/wp\/v2\/posts\/4951","targetHints":{"allow":["GET"]}}],"collection":[{"href":"https:\/\/www.faltabancuatrogotas.com\/nwf4g\/wp-json\/wp\/v2\/posts"}],"about":[{"href":"https:\/\/www.faltabancuatrogotas.com\/nwf4g\/wp-json\/wp\/v2\/types\/post"}],"author":[{"embeddable":true,"href":"https:\/\/www.faltabancuatrogotas.com\/nwf4g\/wp-json\/wp\/v2\/users\/2"}],"replies":[{"embeddable":true,"href":"https:\/\/www.faltabancuatrogotas.com\/nwf4g\/wp-json\/wp\/v2\/comments?post=4951"}],"version-history":[{"count":1,"href":"https:\/\/www.faltabancuatrogotas.com\/nwf4g\/wp-json\/wp\/v2\/posts\/4951\/revisions"}],"predecessor-version":[{"id":4952,"href":"https:\/\/www.faltabancuatrogotas.com\/nwf4g\/wp-json\/wp\/v2\/posts\/4951\/revisions\/4952"}],"wp:featuredmedia":[{"embeddable":true,"href":"https:\/\/www.faltabancuatrogotas.com\/nwf4g\/wp-json\/wp\/v2\/media\/4950"}],"wp:attachment":[{"href":"https:\/\/www.faltabancuatrogotas.com\/nwf4g\/wp-json\/wp\/v2\/media?parent=4951"}],"wp:term":[{"taxonomy":"category","embeddable":true,"href":"https:\/\/www.faltabancuatrogotas.com\/nwf4g\/wp-json\/wp\/v2\/categories?post=4951"},{"taxonomy":"post_tag","embeddable":true,"href":"https:\/\/www.faltabancuatrogotas.com\/nwf4g\/wp-json\/wp\/v2\/tags?post=4951"}],"curies":[{"name":"wp","href":"https:\/\/api.w.org\/{rel}","templated":true}]}}