{"id":5142,"date":"2025-11-12T23:31:48","date_gmt":"2025-11-12T23:31:48","guid":{"rendered":"https:\/\/www.faltabancuatrogotas.com\/nwf4g\/?p=5142"},"modified":"2025-11-12T23:32:08","modified_gmt":"2025-11-12T23:32:08","slug":"manuel-pedrayes-en-la-xi-subida-a-la-rebollada-2-de-agosto-de-2025","status":"publish","type":"post","link":"https:\/\/www.faltabancuatrogotas.com\/nwf4g\/2025\/11\/12\/manuel-pedrayes-en-la-xi-subida-a-la-rebollada-2-de-agosto-de-2025\/","title":{"rendered":"Manuel Pedrayes en la XI Subida a la Rebollada &#8211; 2 de agosto de 2025"},"content":{"rendered":"\n<p>Como es habitual en \u00e9l, Manu sal\u00eda buscando dar espect\u00e1culo en la manga de entrenamientos, lo que se le da de maravilla, entrando a pesar de ello en el puesto 37 de la general. En la primera oficial se pon\u00eda serio y mejoraba su crono en 16&#8243;, ascendiendo 11 posiciones y coloc\u00e1ndose segundo dentro del grupo 5A. Aumentaba ritmo en la segunda oficial, bajando su crono en 6&#8243;, siendo adem\u00e1s vig\u00e9simo, lo que le serv\u00eda para sacrificar la \u00faltima manga en pos del espect\u00e1culo, luego de que la suma de sus cronos buenos le sirviesen para terminar en el puesto 25, segundo de grupo y en el puesto 22 de la clase 1.<\/p>\n\n\n\n<figure class=\"wp-block-image size-large\"><img loading=\"lazy\" decoding=\"async\" width=\"1024\" height=\"683\" src=\"https:\/\/www.faltabancuatrogotas.com\/nwf4g\/wp-content\/uploads\/2025\/11\/fb_img_17628730159665333835897140346022-1024x683.jpg\" alt=\"\" class=\"wp-image-5140\" srcset=\"https:\/\/www.faltabancuatrogotas.com\/nwf4g\/wp-content\/uploads\/2025\/11\/fb_img_17628730159665333835897140346022-1024x683.jpg 1024w, https:\/\/www.faltabancuatrogotas.com\/nwf4g\/wp-content\/uploads\/2025\/11\/fb_img_17628730159665333835897140346022-300x200.jpg 300w, https:\/\/www.faltabancuatrogotas.com\/nwf4g\/wp-content\/uploads\/2025\/11\/fb_img_17628730159665333835897140346022-768x512.jpg 768w, https:\/\/www.faltabancuatrogotas.com\/nwf4g\/wp-content\/uploads\/2025\/11\/fb_img_17628730159665333835897140346022-1536x1024.jpg 1536w, https:\/\/www.faltabancuatrogotas.com\/nwf4g\/wp-content\/uploads\/2025\/11\/fb_img_17628730159665333835897140346022.jpg 1800w\" sizes=\"auto, (max-width: 1024px) 100vw, 1024px\" \/><\/figure>\n","protected":false},"excerpt":{"rendered":"<p>Como es habitual en \u00e9l, Manu sal\u00eda buscando dar espect\u00e1culo en la manga de entrenamientos, lo que se le da de maravilla, entrando a pesar de ello en el puesto 37 de la general. En la primera oficial se pon\u00eda serio y mejoraba su crono en 16&#8243;, ascendiendo 11 posiciones y coloc\u00e1ndose segundo dentro del [&hellip;]<\/p>\n","protected":false},"author":2,"featured_media":5141,"comment_status":"open","ping_status":"open","sticky":false,"template":"","format":"standard","meta":{"jetpack_post_was_ever_published":false,"_jetpack_newsletter_access":"","_jetpack_dont_email_post_to_subs":false,"_jetpack_newsletter_tier_id":0,"_jetpack_memberships_contains_paywalled_content":false,"_jetpack_memberships_contains_paid_content":false,"footnotes":"","jetpack_publicize_message":"","jetpack_publicize_feature_enabled":true,"jetpack_social_post_already_shared":true,"jetpack_social_options":{"image_generator_settings":{"template":"highway","default_image_id":0,"font":"","enabled":false},"version":2}},"categories":[74],"tags":[],"class_list":["post-5142","post","type-post","status-publish","format-standard","has-post-thumbnail","hentry","category-temporada-2025"],"jetpack_publicize_connections":[],"jetpack_featured_media_url":"https:\/\/www.faltabancuatrogotas.com\/nwf4g\/wp-content\/uploads\/2025\/11\/FB_IMG_1762873015966.jpg","jetpack_sharing_enabled":true,"_links":{"self":[{"href":"https:\/\/www.faltabancuatrogotas.com\/nwf4g\/wp-json\/wp\/v2\/posts\/5142","targetHints":{"allow":["GET"]}}],"collection":[{"href":"https:\/\/www.faltabancuatrogotas.com\/nwf4g\/wp-json\/wp\/v2\/posts"}],"about":[{"href":"https:\/\/www.faltabancuatrogotas.com\/nwf4g\/wp-json\/wp\/v2\/types\/post"}],"author":[{"embeddable":true,"href":"https:\/\/www.faltabancuatrogotas.com\/nwf4g\/wp-json\/wp\/v2\/users\/2"}],"replies":[{"embeddable":true,"href":"https:\/\/www.faltabancuatrogotas.com\/nwf4g\/wp-json\/wp\/v2\/comments?post=5142"}],"version-history":[{"count":1,"href":"https:\/\/www.faltabancuatrogotas.com\/nwf4g\/wp-json\/wp\/v2\/posts\/5142\/revisions"}],"predecessor-version":[{"id":5143,"href":"https:\/\/www.faltabancuatrogotas.com\/nwf4g\/wp-json\/wp\/v2\/posts\/5142\/revisions\/5143"}],"wp:featuredmedia":[{"embeddable":true,"href":"https:\/\/www.faltabancuatrogotas.com\/nwf4g\/wp-json\/wp\/v2\/media\/5141"}],"wp:attachment":[{"href":"https:\/\/www.faltabancuatrogotas.com\/nwf4g\/wp-json\/wp\/v2\/media?parent=5142"}],"wp:term":[{"taxonomy":"category","embeddable":true,"href":"https:\/\/www.faltabancuatrogotas.com\/nwf4g\/wp-json\/wp\/v2\/categories?post=5142"},{"taxonomy":"post_tag","embeddable":true,"href":"https:\/\/www.faltabancuatrogotas.com\/nwf4g\/wp-json\/wp\/v2\/tags?post=5142"}],"curies":[{"name":"wp","href":"https:\/\/api.w.org\/{rel}","templated":true}]}}