{"id":5154,"date":"2025-12-13T00:56:42","date_gmt":"2025-12-13T00:56:42","guid":{"rendered":"https:\/\/www.faltabancuatrogotas.com\/nwf4g\/?p=5154"},"modified":"2025-12-13T00:57:14","modified_gmt":"2025-12-13T00:57:14","slug":"felipe-garcia-en-la-xxiv-subida-a-castrillon-23-de-agosto-de-2025","status":"publish","type":"post","link":"https:\/\/www.faltabancuatrogotas.com\/nwf4g\/2025\/12\/13\/felipe-garcia-en-la-xxiv-subida-a-castrillon-23-de-agosto-de-2025\/","title":{"rendered":"Felipe Garc\u00eda en la XXIV Subida a Castrill\u00f3n &#8211; 23 de agosto de 2025"},"content":{"rendered":"\n<p>Tras mucho tiempo sin competir, volv\u00eda a la carga Felipe tratando de coger un poco de ritmo y probar el Saxo despu\u00e9s de su reparaci\u00f3n y mejora de motor. En el puesto 21 se clasificaba en entrenamientos, tras marcar 4:04.876, cayendo al puesto 24 en la primera oficial, a pesar de mejorar su crono en m\u00e1s de 2&#8243;. Hasta 3:58.376 y 3:58.008 bajaba en las dos \u00faltimas, siendo \u00e9stos los cronos que sumaba para clasificar en el puesto 22 de la general, como decimos\u00e9ptimo de clase 1 y noveno dentro del grupo 5C.<\/p>\n\n\n\n<figure class=\"wp-block-image size-large\"><img loading=\"lazy\" decoding=\"async\" width=\"1024\" height=\"682\" src=\"https:\/\/www.faltabancuatrogotas.com\/nwf4g\/wp-content\/uploads\/2025\/12\/sc-n36-46466799735721801521-1024x682.jpg\" alt=\"\" class=\"wp-image-5152\" srcset=\"https:\/\/www.faltabancuatrogotas.com\/nwf4g\/wp-content\/uploads\/2025\/12\/sc-n36-46466799735721801521-1024x682.jpg 1024w, https:\/\/www.faltabancuatrogotas.com\/nwf4g\/wp-content\/uploads\/2025\/12\/sc-n36-46466799735721801521-300x200.jpg 300w, https:\/\/www.faltabancuatrogotas.com\/nwf4g\/wp-content\/uploads\/2025\/12\/sc-n36-46466799735721801521-768x512.jpg 768w, https:\/\/www.faltabancuatrogotas.com\/nwf4g\/wp-content\/uploads\/2025\/12\/sc-n36-46466799735721801521-1536x1024.jpg 1536w, https:\/\/www.faltabancuatrogotas.com\/nwf4g\/wp-content\/uploads\/2025\/12\/sc-n36-46466799735721801521.jpg 2000w\" sizes=\"auto, (max-width: 1024px) 100vw, 1024px\" \/><\/figure>\n","protected":false},"excerpt":{"rendered":"<p>Tras mucho tiempo sin competir, volv\u00eda a la carga Felipe tratando de coger un poco de ritmo y probar el Saxo despu\u00e9s de su reparaci\u00f3n y mejora de motor. En el puesto 21 se clasificaba en entrenamientos, tras marcar 4:04.876, cayendo al puesto 24 en la primera oficial, a pesar de mejorar su crono en [&hellip;]<\/p>\n","protected":false},"author":2,"featured_media":5153,"comment_status":"open","ping_status":"open","sticky":false,"template":"","format":"standard","meta":{"jetpack_post_was_ever_published":false,"_jetpack_newsletter_access":"","_jetpack_dont_email_post_to_subs":false,"_jetpack_newsletter_tier_id":0,"_jetpack_memberships_contains_paywalled_content":false,"_jetpack_memberships_contains_paid_content":false,"footnotes":"","jetpack_publicize_message":"","jetpack_publicize_feature_enabled":true,"jetpack_social_post_already_shared":true,"jetpack_social_options":{"image_generator_settings":{"template":"highway","default_image_id":0,"font":"","enabled":false},"version":2}},"categories":[74],"tags":[],"class_list":["post-5154","post","type-post","status-publish","format-standard","has-post-thumbnail","hentry","category-temporada-2025"],"jetpack_publicize_connections":[],"jetpack_featured_media_url":"https:\/\/www.faltabancuatrogotas.com\/nwf4g\/wp-content\/uploads\/2025\/12\/SC-N36-4-scaled.jpg","jetpack_sharing_enabled":true,"_links":{"self":[{"href":"https:\/\/www.faltabancuatrogotas.com\/nwf4g\/wp-json\/wp\/v2\/posts\/5154","targetHints":{"allow":["GET"]}}],"collection":[{"href":"https:\/\/www.faltabancuatrogotas.com\/nwf4g\/wp-json\/wp\/v2\/posts"}],"about":[{"href":"https:\/\/www.faltabancuatrogotas.com\/nwf4g\/wp-json\/wp\/v2\/types\/post"}],"author":[{"embeddable":true,"href":"https:\/\/www.faltabancuatrogotas.com\/nwf4g\/wp-json\/wp\/v2\/users\/2"}],"replies":[{"embeddable":true,"href":"https:\/\/www.faltabancuatrogotas.com\/nwf4g\/wp-json\/wp\/v2\/comments?post=5154"}],"version-history":[{"count":1,"href":"https:\/\/www.faltabancuatrogotas.com\/nwf4g\/wp-json\/wp\/v2\/posts\/5154\/revisions"}],"predecessor-version":[{"id":5155,"href":"https:\/\/www.faltabancuatrogotas.com\/nwf4g\/wp-json\/wp\/v2\/posts\/5154\/revisions\/5155"}],"wp:featuredmedia":[{"embeddable":true,"href":"https:\/\/www.faltabancuatrogotas.com\/nwf4g\/wp-json\/wp\/v2\/media\/5153"}],"wp:attachment":[{"href":"https:\/\/www.faltabancuatrogotas.com\/nwf4g\/wp-json\/wp\/v2\/media?parent=5154"}],"wp:term":[{"taxonomy":"category","embeddable":true,"href":"https:\/\/www.faltabancuatrogotas.com\/nwf4g\/wp-json\/wp\/v2\/categories?post=5154"},{"taxonomy":"post_tag","embeddable":true,"href":"https:\/\/www.faltabancuatrogotas.com\/nwf4g\/wp-json\/wp\/v2\/tags?post=5154"}],"curies":[{"name":"wp","href":"https:\/\/api.w.org\/{rel}","templated":true}]}}