{"id":5208,"date":"2026-02-25T02:33:04","date_gmt":"2026-02-25T02:33:04","guid":{"rendered":"https:\/\/www.faltabancuatrogotas.com\/nwf4g\/?p=5208"},"modified":"2026-02-25T02:33:36","modified_gmt":"2026-02-25T02:33:36","slug":"ruben-avello-y-victor-mendez-en-el-xiv-rallysprint-villa-de-luarca-2-de-noviembre-de-2025","status":"publish","type":"post","link":"https:\/\/www.faltabancuatrogotas.com\/nwf4g\/2026\/02\/25\/ruben-avello-y-victor-mendez-en-el-xiv-rallysprint-villa-de-luarca-2-de-noviembre-de-2025\/","title":{"rendered":"Rub\u00e9n Avello y V\u00edctor M\u00e9ndez en el XIV Rallysprint Villa de Luarca &#8211; 2 de noviembre de 2025"},"content":{"rendered":"\n<p>Poca historia tuvo la carrera para nuestros amigos, que estrenaban como equipo el BMW que hab\u00eda \u00abprobado\u00bb Rub\u00e9n en Castrill\u00f3n. A la primera pasada salieron neutralizados por carretera obstaculizada. En la segunda, marcaban un ritmo muy alto que les colocaba arriba en los puntos intermedios, pero en la bajada hacia la zona final, una frenada combinada con el grupo soldado, les hac\u00eda dar un toque contra un muro tras un trompo que les dejaba encajonados y teniendo que hacer mil maniobras para colocarse de nuevo en la carretera. Terminaban en el puesto 41, para finalizar en el 36 tras realizar la \u00faltima pasada tambi\u00e9n neutralizados al encontrarse al Subaru que les preced\u00eda volcado en medio de la carretera y tener que parar en ausencia de paso.<\/p>\n\n\n\n<figure class=\"wp-block-image size-large\"><img loading=\"lazy\" decoding=\"async\" width=\"1024\" height=\"682\" src=\"https:\/\/www.faltabancuatrogotas.com\/nwf4g\/wp-content\/uploads\/2026\/02\/fb_img_17719859615015281045796693718253-1024x682.jpg\" alt=\"\" class=\"wp-image-5206\" srcset=\"https:\/\/www.faltabancuatrogotas.com\/nwf4g\/wp-content\/uploads\/2026\/02\/fb_img_17719859615015281045796693718253-1024x682.jpg 1024w, https:\/\/www.faltabancuatrogotas.com\/nwf4g\/wp-content\/uploads\/2026\/02\/fb_img_17719859615015281045796693718253-300x200.jpg 300w, https:\/\/www.faltabancuatrogotas.com\/nwf4g\/wp-content\/uploads\/2026\/02\/fb_img_17719859615015281045796693718253-768x512.jpg 768w, https:\/\/www.faltabancuatrogotas.com\/nwf4g\/wp-content\/uploads\/2026\/02\/fb_img_17719859615015281045796693718253-1536x1024.jpg 1536w, https:\/\/www.faltabancuatrogotas.com\/nwf4g\/wp-content\/uploads\/2026\/02\/fb_img_17719859615015281045796693718253.jpg 2000w\" sizes=\"auto, (max-width: 1024px) 100vw, 1024px\" \/><\/figure>\n","protected":false},"excerpt":{"rendered":"<p>Poca historia tuvo la carrera para nuestros amigos, que estrenaban como equipo el BMW que hab\u00eda \u00abprobado\u00bb Rub\u00e9n en Castrill\u00f3n. A la primera pasada salieron neutralizados por carretera obstaculizada. En la segunda, marcaban un ritmo muy alto que les colocaba arriba en los puntos intermedios, pero en la bajada hacia la zona final, una frenada [&hellip;]<\/p>\n","protected":false},"author":2,"featured_media":5207,"comment_status":"open","ping_status":"open","sticky":false,"template":"","format":"standard","meta":{"jetpack_post_was_ever_published":false,"_jetpack_newsletter_access":"","_jetpack_dont_email_post_to_subs":false,"_jetpack_newsletter_tier_id":0,"_jetpack_memberships_contains_paywalled_content":false,"_jetpack_memberships_contains_paid_content":false,"footnotes":"","jetpack_publicize_message":"","jetpack_publicize_feature_enabled":true,"jetpack_social_post_already_shared":true,"jetpack_social_options":{"image_generator_settings":{"template":"highway","default_image_id":0,"font":"","enabled":false},"version":2}},"categories":[74],"tags":[],"class_list":["post-5208","post","type-post","status-publish","format-standard","has-post-thumbnail","hentry","category-temporada-2025"],"jetpack_publicize_connections":[],"jetpack_featured_media_url":"https:\/\/www.faltabancuatrogotas.com\/nwf4g\/wp-content\/uploads\/2026\/02\/FB_IMG_1771985961501.jpg","jetpack_sharing_enabled":true,"_links":{"self":[{"href":"https:\/\/www.faltabancuatrogotas.com\/nwf4g\/wp-json\/wp\/v2\/posts\/5208","targetHints":{"allow":["GET"]}}],"collection":[{"href":"https:\/\/www.faltabancuatrogotas.com\/nwf4g\/wp-json\/wp\/v2\/posts"}],"about":[{"href":"https:\/\/www.faltabancuatrogotas.com\/nwf4g\/wp-json\/wp\/v2\/types\/post"}],"author":[{"embeddable":true,"href":"https:\/\/www.faltabancuatrogotas.com\/nwf4g\/wp-json\/wp\/v2\/users\/2"}],"replies":[{"embeddable":true,"href":"https:\/\/www.faltabancuatrogotas.com\/nwf4g\/wp-json\/wp\/v2\/comments?post=5208"}],"version-history":[{"count":1,"href":"https:\/\/www.faltabancuatrogotas.com\/nwf4g\/wp-json\/wp\/v2\/posts\/5208\/revisions"}],"predecessor-version":[{"id":5209,"href":"https:\/\/www.faltabancuatrogotas.com\/nwf4g\/wp-json\/wp\/v2\/posts\/5208\/revisions\/5209"}],"wp:featuredmedia":[{"embeddable":true,"href":"https:\/\/www.faltabancuatrogotas.com\/nwf4g\/wp-json\/wp\/v2\/media\/5207"}],"wp:attachment":[{"href":"https:\/\/www.faltabancuatrogotas.com\/nwf4g\/wp-json\/wp\/v2\/media?parent=5208"}],"wp:term":[{"taxonomy":"category","embeddable":true,"href":"https:\/\/www.faltabancuatrogotas.com\/nwf4g\/wp-json\/wp\/v2\/categories?post=5208"},{"taxonomy":"post_tag","embeddable":true,"href":"https:\/\/www.faltabancuatrogotas.com\/nwf4g\/wp-json\/wp\/v2\/tags?post=5208"}],"curies":[{"name":"wp","href":"https:\/\/api.w.org\/{rel}","templated":true}]}}