{"id":5249,"date":"2026-04-26T00:20:12","date_gmt":"2026-04-26T00:20:12","guid":{"rendered":"https:\/\/www.faltabancuatrogotas.com\/nwf4g\/?p=5249"},"modified":"2026-04-26T00:20:46","modified_gmt":"2026-04-26T00:20:46","slug":"ruben-avello-y-victor-mendez-en-el-xlv-rallye-villa-de-tineo-18-de-abril-de-2026","status":"publish","type":"post","link":"https:\/\/www.faltabancuatrogotas.com\/nwf4g\/2026\/04\/26\/ruben-avello-y-victor-mendez-en-el-xlv-rallye-villa-de-tineo-18-de-abril-de-2026\/","title":{"rendered":"Rub\u00e9n Avello y V\u00edctor M\u00e9ndez en el XLV Rallye Villa de Tineo &#8211; 18 de abril de 2026"},"content":{"rendered":"\n<p class=\"has-text-align-center\">Tratando de testear el BMW tras alguna mejora respecto a las dos carreras de 2025, sal\u00edan Rub\u00e9n y V\u00edctor en su primera carrera dentro de la Copa Aramo Rozas para pelear contra la climatolog\u00eda, principalmente contra la niebla matutina. Se estrenaban ya con un tercer puesto en la Copa, en el puesto 37 de la general, para terminar la ma\u00f1ana en el 34, tras la neutralizaci\u00f3n del tramo cuarto. De menos a m\u00e1s, consegu\u00edan cada vez mejores registros, ya muy cerca de los mejores \u00abTraseras\u00bb, terminando el rally en el podio de la Copa, subiendo al puesto 26 de la general y siendo sextos de su clase.<\/p>\n\n\n\n<figure class=\"wp-block-image size-large\"><img loading=\"lazy\" decoding=\"async\" width=\"1024\" height=\"683\" src=\"https:\/\/www.faltabancuatrogotas.com\/nwf4g\/wp-content\/uploads\/2026\/04\/fb_img_17768086068695991715484517364780-1024x683.jpg\" alt=\"\" class=\"wp-image-5247\" srcset=\"https:\/\/www.faltabancuatrogotas.com\/nwf4g\/wp-content\/uploads\/2026\/04\/fb_img_17768086068695991715484517364780-1024x683.jpg 1024w, https:\/\/www.faltabancuatrogotas.com\/nwf4g\/wp-content\/uploads\/2026\/04\/fb_img_17768086068695991715484517364780-300x200.jpg 300w, https:\/\/www.faltabancuatrogotas.com\/nwf4g\/wp-content\/uploads\/2026\/04\/fb_img_17768086068695991715484517364780-768x512.jpg 768w, https:\/\/www.faltabancuatrogotas.com\/nwf4g\/wp-content\/uploads\/2026\/04\/fb_img_17768086068695991715484517364780-1536x1024.jpg 1536w, https:\/\/www.faltabancuatrogotas.com\/nwf4g\/wp-content\/uploads\/2026\/04\/fb_img_17768086068695991715484517364780.jpg 1620w\" sizes=\"auto, (max-width: 1024px) 100vw, 1024px\" \/><\/figure>\n","protected":false},"excerpt":{"rendered":"<p>Tratando de testear el BMW tras alguna mejora respecto a las dos carreras de 2025, sal\u00edan Rub\u00e9n y V\u00edctor en su primera carrera dentro de la Copa Aramo Rozas para pelear contra la climatolog\u00eda, principalmente contra la niebla matutina. Se estrenaban ya con un tercer puesto en la Copa, en el puesto 37 de la [&hellip;]<\/p>\n","protected":false},"author":2,"featured_media":5248,"comment_status":"open","ping_status":"open","sticky":false,"template":"","format":"standard","meta":{"jetpack_post_was_ever_published":false,"_jetpack_newsletter_access":"","_jetpack_dont_email_post_to_subs":false,"_jetpack_newsletter_tier_id":0,"_jetpack_memberships_contains_paywalled_content":false,"_jetpack_memberships_contains_paid_content":false,"footnotes":"","jetpack_publicize_message":"","jetpack_publicize_feature_enabled":true,"jetpack_social_post_already_shared":true,"jetpack_social_options":{"image_generator_settings":{"template":"highway","default_image_id":0,"font":"","enabled":false},"version":2}},"categories":[75],"tags":[],"class_list":["post-5249","post","type-post","status-publish","format-standard","has-post-thumbnail","hentry","category-temporada-2026"],"jetpack_publicize_connections":[],"jetpack_featured_media_url":"https:\/\/www.faltabancuatrogotas.com\/nwf4g\/wp-content\/uploads\/2026\/04\/FB_IMG_1776808606869.jpg","jetpack_sharing_enabled":true,"_links":{"self":[{"href":"https:\/\/www.faltabancuatrogotas.com\/nwf4g\/wp-json\/wp\/v2\/posts\/5249","targetHints":{"allow":["GET"]}}],"collection":[{"href":"https:\/\/www.faltabancuatrogotas.com\/nwf4g\/wp-json\/wp\/v2\/posts"}],"about":[{"href":"https:\/\/www.faltabancuatrogotas.com\/nwf4g\/wp-json\/wp\/v2\/types\/post"}],"author":[{"embeddable":true,"href":"https:\/\/www.faltabancuatrogotas.com\/nwf4g\/wp-json\/wp\/v2\/users\/2"}],"replies":[{"embeddable":true,"href":"https:\/\/www.faltabancuatrogotas.com\/nwf4g\/wp-json\/wp\/v2\/comments?post=5249"}],"version-history":[{"count":1,"href":"https:\/\/www.faltabancuatrogotas.com\/nwf4g\/wp-json\/wp\/v2\/posts\/5249\/revisions"}],"predecessor-version":[{"id":5250,"href":"https:\/\/www.faltabancuatrogotas.com\/nwf4g\/wp-json\/wp\/v2\/posts\/5249\/revisions\/5250"}],"wp:featuredmedia":[{"embeddable":true,"href":"https:\/\/www.faltabancuatrogotas.com\/nwf4g\/wp-json\/wp\/v2\/media\/5248"}],"wp:attachment":[{"href":"https:\/\/www.faltabancuatrogotas.com\/nwf4g\/wp-json\/wp\/v2\/media?parent=5249"}],"wp:term":[{"taxonomy":"category","embeddable":true,"href":"https:\/\/www.faltabancuatrogotas.com\/nwf4g\/wp-json\/wp\/v2\/categories?post=5249"},{"taxonomy":"post_tag","embeddable":true,"href":"https:\/\/www.faltabancuatrogotas.com\/nwf4g\/wp-json\/wp\/v2\/tags?post=5249"}],"curies":[{"name":"wp","href":"https:\/\/api.w.org\/{rel}","templated":true}]}}